{"id":998,"date":"2009-03-29T21:26:02","date_gmt":"2009-03-29T20:26:02","guid":{"rendered":"http:\/\/www.ostroleka.com.pl\/pzw-narew38\/?p=998"},"modified":"2011-03-23T21:29:01","modified_gmt":"2011-03-23T20:29:01","slug":"wybory-na-kadencje-2009-2012","status":"publish","type":"post","link":"https:\/\/www.pzwnarew.pl\/?p=998","title":{"rendered":"WYBORY NA KADENCJ\u0118 2009-2012"},"content":{"rendered":"<p><strong><a href=\"http:\/\/www.ostroleka.com.pl\/pzw-narew38\/wp-content\/uploads\/2011\/03\/wybory_01.jpg\"><img loading=\"lazy\" decoding=\"async\" class=\"alignleft size-thumbnail wp-image-999\" title=\"wybory_01\" src=\"http:\/\/www.ostroleka.com.pl\/pzw-narew38\/wp-content\/uploads\/2011\/03\/wybory_01-150x150.jpg\" alt=\"\" width=\"150\" height=\"150\" \/><\/a>W dniu 29 marca br. w klubie &#8222;Lokator&#8221; odby\u0142o si\u0119 Walne Zgromadzenie Sprawozdawczo-Wyborcze Ko\u0142a nr 38 &#8222;Narew&#8221; w Ostro\u0142\u0119ce.<\/strong><\/p>\n<p>Ust\u0119puj\u0105cy Zarz\u0105d zda\u0142 sprawozdanie z dzia\u0142alno\u015bci w kadencji 2005-2008 , by\u0142a to w ocenie zebranych na sali udana kadencja i dlatego wybory nowego zarz\u0105du i prezesa by\u0142y oparte w du\u017cej mierze na kandydatach ju\u017c sprawdzonych w starym zarz\u0105dzie.<!--more--><\/p>\n<p><a href=\"http:\/\/www.ostroleka.com.pl\/pzw-narew38\/wp-content\/uploads\/2011\/03\/wybory_02.jpg\"><img loading=\"lazy\" decoding=\"async\" class=\"alignright size-thumbnail wp-image-1000\" title=\"wybory_02\" src=\"http:\/\/www.ostroleka.com.pl\/pzw-narew38\/wp-content\/uploads\/2011\/03\/wybory_02-150x150.jpg\" alt=\"\" width=\"150\" height=\"150\" \/><\/a>Wybrany ponownie na nast\u0119pna kadencj\u0119 Prezes Ko\u0142a Wies\u0142aw Szczube\u0142ek potwierdzi\u0142 utrzymanie wysokiej poprzeczki dla jako\u015bci dzia\u0142a\u0144 podejmowanych przez Ko\u0142o.<br \/>\nNowy Zarz\u0105d zasili\u0142o czterech nowych dzia\u0142aczy s\u0105 to : Jacek Bialik, J\u00f3zef Dziadak, Mariusz Kamionowski i Zbigniew Lis.<\/p>\n<p>Prezes Szczube\u0142ek w swoim wyst\u0105pieniu zapewni\u0142, \u017ce pomimo r\u00f3\u017cnych trudno\u015bci nie tylko organizacyjnych ale spowodowanych lokalnymi konfliktami os\u00f3b ma\u0142ostkowych dzia\u0142aj\u0105cych z niskich pobudek, ko\u0142o &#8222;Narew&#8221; b\u0119dzie otwarte na wszystkich w\u0119dkarzy, chcemy realizowa\u0107 sprawy dla w\u0119dkarzy wa\u017cne z ich punktu widzenia nie chcemy nic narzuca\u0107 ale oczekujemy na pomys\u0142y do realizacji.<\/p>\n<p><a href=\"http:\/\/www.ostroleka.com.pl\/pzw-narew38\/wp-content\/uploads\/2011\/03\/wybory_04.jpg\"><img loading=\"lazy\" decoding=\"async\" class=\"alignright size-thumbnail wp-image-1002\" title=\"wybory_04\" src=\"http:\/\/www.ostroleka.com.pl\/pzw-narew38\/wp-content\/uploads\/2011\/03\/wybory_04-150x150.jpg\" alt=\"\" width=\"150\" height=\"150\" \/><\/a><a href=\"http:\/\/www.ostroleka.com.pl\/pzw-narew38\/wp-content\/uploads\/2011\/03\/wybory_03.jpg\"><img loading=\"lazy\" decoding=\"async\" class=\"alignleft size-thumbnail wp-image-1001\" title=\"wybory_03\" src=\"http:\/\/www.ostroleka.com.pl\/pzw-narew38\/wp-content\/uploads\/2011\/03\/wybory_03-150x150.jpg\" alt=\"\" width=\"150\" height=\"150\" \/><\/a>Nasze imprezy w\u0119dkarskie nie strac\u0105 na atrakcyjno\u015bci ale zyskaj\u0105 przez nowe formu\u0142y pozwalaj\u0105ce nawet tym z mniejszymi umiej\u0119tno\u015bciami na sprawdzenie si\u0119 w rywalizacji w\u0119dkowania.<\/p>\n<p>Zapraszamy wszystkich w\u0119dkarzy z Ostro\u0142\u0119ki do naszego ko\u0142a &#8222;Narew&#8221;, wybierzcie to ko\u0142o aby mie\u0107 wp\u0142yw na rozw\u00f3j w\u0119dkarstwa ostro\u0142\u0119ckiego.<\/p>\n<p>Wykaz W\u0142adz i organ\u00f3w Ko\u0142a PZW &#8222;Narew&#8221;:<br \/>\n\u00a0\u00a0\u00a0 Prezes &#8211; Wies\u0142aw Szczube\u0142ek<br \/>\n\u00a0\u00a0\u00a0 Skarbnik Ko\u0142a &#8211; Marek G\u0105ska<br \/>\nCz\u0142onkowi Zarz\u0105du:\u00a0Jacek Bednarczyk, Jacek Bialik, J\u00f3zef Dziadak, Andrzej Grzyb, Zbigniew Lis, Mariusz Kamionowski, Stanis\u0142aw Pliszka, Andrzej Raszkiewicz, Marcin \u015alepski, Andrzej Za\u0142\u0119ski, Andrzej Zar\u0119ba.<\/p>\n<p>Komisja Rewizyjna w sk\u0142adzie:<br \/>\n\u00a0\u00a0\u00a0 Henryk Bielak, Andrzej Ho\u0142dy\u0144ski, Pawe\u0142 Tadra.<\/p>\n<p>S\u0105d kole\u017ce\u0144ski:<br \/>\n\u00a0\u00a0\u00a0 Andrzej Stachach, Katarzyna Kamionowska, Zbigniew Il, Bogdan Zienkiewicz, Tadeusz \u017bebrowski.<\/p>\n<p style=\"text-align: center;\"><a href=\"http:\/\/www.ostroleka.com.pl\/gallery_pzw\/thumbnails.php?album=55\" target=\"_blank\">Zobacz galeri\u0119 zdj\u0119\u0107 &gt;&gt;<\/a><\/p>\n","protected":false},"excerpt":{"rendered":"<p>W dniu 29 marca br. w klubie &#8222;Lokator&#8221; odby\u0142o si\u0119 Walne Zgromadzenie Sprawozdawczo-Wyborcze Ko\u0142a nr 38 &#8222;Narew&#8221; w Ostro\u0142\u0119ce. Ust\u0119puj\u0105cy Zarz\u0105d zda\u0142 sprawozdanie z dzia\u0142alno\u015bci w kadencji 2005-2008 , by\u0142a to w ocenie zebranych na sali udana kadencja i dlatego wybory nowego zarz\u0105du i prezesa by\u0142y oparte w du\u017cej mierze na kandydatach ju\u017c sprawdzonych w starym zarz\u0105dzie.<\/p>\n","protected":false},"author":1,"featured_media":0,"comment_status":"open","ping_status":"closed","sticky":false,"template":"","format":"standard","meta":{"footnotes":""},"categories":[20],"tags":[],"class_list":["post-998","post","type-post","status-publish","format-standard","hentry","category-newsy"],"_links":{"self":[{"href":"https:\/\/www.pzwnarew.pl\/index.php?rest_route=\/wp\/v2\/posts\/998","targetHints":{"allow":["GET"]}}],"collection":[{"href":"https:\/\/www.pzwnarew.pl\/index.php?rest_route=\/wp\/v2\/posts"}],"about":[{"href":"https:\/\/www.pzwnarew.pl\/index.php?rest_route=\/wp\/v2\/types\/post"}],"author":[{"embeddable":true,"href":"https:\/\/www.pzwnarew.pl\/index.php?rest_route=\/wp\/v2\/users\/1"}],"replies":[{"embeddable":true,"href":"https:\/\/www.pzwnarew.pl\/index.php?rest_route=%2Fwp%2Fv2%2Fcomments&post=998"}],"version-history":[{"count":5,"href":"https:\/\/www.pzwnarew.pl\/index.php?rest_route=\/wp\/v2\/posts\/998\/revisions"}],"predecessor-version":[{"id":1005,"href":"https:\/\/www.pzwnarew.pl\/index.php?rest_route=\/wp\/v2\/posts\/998\/revisions\/1005"}],"wp:attachment":[{"href":"https:\/\/www.pzwnarew.pl\/index.php?rest_route=%2Fwp%2Fv2%2Fmedia&parent=998"}],"wp:term":[{"taxonomy":"category","embeddable":true,"href":"https:\/\/www.pzwnarew.pl\/index.php?rest_route=%2Fwp%2Fv2%2Fcategories&post=998"},{"taxonomy":"post_tag","embeddable":true,"href":"https:\/\/www.pzwnarew.pl\/index.php?rest_route=%2Fwp%2Fv2%2Ftags&post=998"}],"curies":[{"name":"wp","href":"https:\/\/api.w.org\/{rel}","templated":true}]}}