{"id":957,"date":"2004-11-11T14:16:46","date_gmt":"2004-11-11T13:16:46","guid":{"rendered":"http:\/\/www.ostroleka.com.pl\/pzw-narew38\/?p=957"},"modified":"2015-03-13T22:45:55","modified_gmt":"2015-03-13T21:45:55","slug":"dbajmy-o-srodowisko","status":"publish","type":"post","link":"https:\/\/www.pzwnarew.pl\/?p=957","title":{"rendered":"Dbajmy o \u015brodowisko&#8230;!"},"content":{"rendered":"<p><strong><a href=\"http:\/\/www.ostroleka.com.pl\/pzw-narew38\/wp-content\/uploads\/2011\/03\/smieci_01.jpg\"><img loading=\"lazy\" decoding=\"async\" class=\"alignleft wp-image-958 size-thumbnail\" title=\"smieci_01\" src=\"http:\/\/www.pzwnarew.pl\/wp-content\/uploads\/2011\/03\/smieci_01-150x150.jpg\" alt=\"\" width=\"150\" height=\"150\" \/><\/a>12 listopada 2004 roku, a wi\u0119c dzie\u0144 po miejskich hucznych uroczysto\u015bciach zwi\u0105zanych rocznic\u0105 odzyskania niepodleg\u0142o\u015bci <\/strong>i w ramach tzw. d\u0142ugiego weekendu, kiedy to wszyscy wygrzewaj\u0105 si\u0119 w domowych pieleszach popijaj\u0105c kawk\u0119 lub &#8222;co\u015b mocniejszego&#8221; &#8211; grupa naszych cz\u0142onk\u00f3w tj. Andrzej Raszkiewicz, Mariusz Szczube\u0142ek, Andrzej Zar\u0119ba, Jacek Bednarczyk i Wiesiek Szczube\u0142ek dodatkowo wspierani przez dw\u00f3ch &#8222;kie\u0142bik\u00f3w&#8221; (cz\u0142onkowie Ko\u0142a KIE\u0141BIK) i czterech funkcjonariuszy z JGR Pa\u0144stwowej Stra\u017cy Po\u017carnej w Ostro\u0142\u0119ce podj\u0119\u0142a si\u0119 niecodziennego i trudnego zadania w postaci zlikwidowania tamy \u015bmieci na Omulwi. Tama ta powsta\u0142a w wyniku nagromadzenia si\u0119 olbrzymiej ilo\u015bci \u015bmieci na powalonych przez bobry w poprzek rzeki okaza\u0142ych drzewach.<!--more--><\/p>\n<p>Do akcji przyst\u0105piono o 9-tej rano. &#8222;Kie\u0142biki&#8221; zwodowali motor\u00f3wk\u0119 Sp.Stra\u017cy Rybackiej a my swoj\u0105. Dodatkowo Rejon Ostro\u0142ecki PZW pod kierownictwem Waldka Waleszkiewicza udost\u0119pni\u0142 w\u00f3z terenowy &#8222;Honker&#8221;, a Stra\u017c Po\u017carna ruszy\u0142a swoim ci\u0119\u017ckim wozem terenowym z wyci\u0105garkami, pi\u0142\u0105 motorow\u0105 i r\u00f3wnie\u017c \u0142odzi\u0105 motorow\u0105. I w\u0142a\u015bnie z takim porz\u0105dnym wyposa\u017ceniem oraz dodatkowo wspierani przez towarzysz\u0105cych dziennikarzy z Tygodnika Ostro\u0142\u0119ckiego, Radia Dla Ciebie i Gazety Wsp\u00f3\u0142czesnej oraz \u015bwiadomi o pomocy w\u0142adz miasta &#8211; przyst\u0105pili\u015bmy do akcji.<\/p>\n<p><a href=\"http:\/\/www.ostroleka.com.pl\/pzw-narew38\/wp-content\/uploads\/2011\/03\/smieci_02.jpg\"><img loading=\"lazy\" decoding=\"async\" class=\"alignleft wp-image-959 size-thumbnail\" title=\"smieci_02\" src=\"http:\/\/www.pzwnarew.pl\/wp-content\/uploads\/2011\/03\/smieci_02-150x150.jpg\" alt=\"\" width=\"150\" height=\"150\" \/><\/a>Nale\u017cy wspomnie\u0107, \u017ce ca\u0142a sprawa zacz\u0119\u0142a si\u0119 od interpelacji Radnego Wies\u0142awa Szczube\u0142ka, kt\u00f3ry jak wiadomo jest naszym Prezesem i podni\u00f3s\u0142 ten problem na sesji Rady Miasta Ostro\u0142\u0119ki, a Prezydent Miasta obieca\u0142 daleko id\u0105c\u0105 pomoc w tym zakresie. Ca\u0142o\u015b\u0107 akcji zacz\u0119li\u015bmy od wybierania \u015bmieci (g\u0142\u00f3wnie butelki plastikowe po napojach i olejach silnikowych) przy u\u017cyciu specjalnie wykonanych na t\u0119 okoliczno\u015b\u0107 podbierak\u00f3w.<\/p>\n<p>\u015amieci pakowali\u015bmy do work\u00f3w 160 litrowych. Ju\u017c po godzinie pracy okaza\u0142o si\u0119, \u017ce 20 work\u00f3w b\u0119dzie za ma\u0142o. Tak wi\u0119c pogoniono Prezesa do miasta celem uzupe\u0142nienia brakuj\u0105cego sprz\u0119tu.<br \/>\nZ ka\u017cd\u0105 godzin\u0105 pracy i zwi\u0119kszaniem si\u0119 ilo\u015bci zape\u0142nianych work\u00f3w &#8211; tracili\u015bmy dopisuj\u0105cy nam z pocz\u0105tku humor, a to za spraw\u0105 znalezienia rozk\u0142adaj\u0105cych si\u0119 zw\u0142ok psa, \u015bwini czy te\u017c kolejnej butli z olejem czy innym zwi\u0105zkiem chemicznym.<\/p>\n<p><a href=\"http:\/\/www.ostroleka.com.pl\/pzw-narew38\/wp-content\/uploads\/2011\/03\/smieci_03.jpg\"><img loading=\"lazy\" decoding=\"async\" class=\"alignleft wp-image-961 size-thumbnail\" title=\"smieci_03\" src=\"http:\/\/www.pzwnarew.pl\/wp-content\/uploads\/2011\/03\/smieci_03-150x150.jpg\" alt=\"\" width=\"150\" height=\"150\" \/><\/a>Najwi\u0119ksz\u0105 jednak trwog\u0119 budzi\u0142y w nas do\u015b\u0107 szczelnie i mocno zawi\u0105zane worki, w kt\u00f3rych znajdowa\u0142o si\u0119 co\u015b mi\u0119kkiego i b. \u015bmierdz\u0105cego (do kt\u00f3rych woleli\u015bmy nie zagl\u0105da\u0107), no i zm\u0119czenie te\u017c swoje robi\u0142o.<br \/>\nGdy po 3-4 godzinach uporali\u015bmy si\u0119 ze \u015bmieciami &#8211; przyst\u0105pili\u015bmy do usuwania powalonych drzew. Tu prym wiedli stra\u017cacy, kt\u00f3rzy przy u\u017cyciu pi\u0142y motorowej ci\u0119li powalone drzewa a my wyci\u0105gali\u015bmy je na brzeg lub wyci\u0105gali\u015bmy \u0142odziami na Narew, gdy\u017c olbrzymia masa uniemo\u017cliwia\u0142a wyci\u0105gni\u0119cie ich na l\u0105d.<\/p>\n<p>Ca\u0142o\u015b\u0107 akcji nie oby\u0142a si\u0119 bez drobnych przyg\u00f3d, a to kto\u015b obsun\u0105\u0142 si\u0119 do rzeki i nabra\u0142 wody w buty, a to \u015bcinane drzewo przewali\u0142o si\u0119 na przep\u0142ywaj\u0105cych \u0142odzi\u0105 uczestnik\u00f3w akcji, a to kto\u015b wpad\u0142 po pas w jam\u0119 bobrz\u0105, czy te\u017c zaklinowanie si\u0119 pi\u0142y w du\u017cym pniu drzewa.<br \/>\nJednak wszystkie te utrudnienia, przeciwno\u015bci losu i z\u0142e samopoczucie prys\u0142y jak przys\u0142owiowa ba\u0144ka mydlana, gdy naszym oczom ukaza\u0142 si\u0119 czysty, uwolniony odcinek pi\u0119knej, dziewiczej Omulwi, kt\u00f3ra ju\u017c spokojnie mog\u0142a zasila\u0107 wody Narwi.<\/p>\n<p><a href=\"http:\/\/www.ostroleka.com.pl\/pzw-narew38\/wp-content\/uploads\/2011\/03\/smieci_04.jpg\"><img loading=\"lazy\" decoding=\"async\" class=\"alignleft wp-image-962 size-thumbnail\" title=\"smieci_04\" src=\"http:\/\/www.pzwnarew.pl\/wp-content\/uploads\/2011\/03\/smieci_04-150x150.jpg\" alt=\"\" width=\"150\" height=\"150\" \/><\/a>Po przyp\u0142yni\u0119ciu do bazy i wyrzuceniu na brzeg \u0142\u0105cznie 34 wor\u00f3w, w kt\u00f3rych znajdowa\u0142o si\u0119 blisko tona \u015bmieci &#8211; wszyscy orzekli\u015bmy, \u017ce jednak by\u0142o warto i jeszcze w tym roku zmontujemy wsp\u00f3lnie z &#8222;Kie\u0142bikiem&#8221; akcj\u0119 udra\u017cniania SIEKIERKI.<\/p>\n<p>Cieszy r\u00f3wnie\u017c fakt, \u017ce trzecie ostro\u0142\u0119ckie Ko\u0142o PZW tj. &#8222;Energopap&#8221; r\u00f3wnie\u017c zapowiada podobn\u0105 akcj\u0119 w sprawie oczyszczenia tzw. &#8222;starej ciep\u0142ej&#8221;.<\/p>\n<p>Zarz\u0105d Ko\u0142a PZW &#8222;Narew&#8221; serdecznie dzi\u0119kuje wszystkim uczestnikom tej pi\u0119knej &#8211; ekologicznej akcji i jednocze\u015bnie zwraca si\u0119 z apelem do wszystkich w\u0119dkarzy internaut\u00f3w &#8222;&#8230;nie pozostawajcie bierni i nieczuli na degradacj\u0119 \u015brodowiska naturalnego i zanieczyszczanie naszych rzek, w przypadku ujawnienia takich incydent\u00f3w natychmiast reagujcie&#8230;&#8221;<\/p>\n","protected":false},"excerpt":{"rendered":"<p>12 listopada 2004 roku, a wi\u0119c dzie\u0144 po miejskich hucznych uroczysto\u015bciach zwi\u0105zanych rocznic\u0105 odzyskania niepodleg\u0142o\u015bci i w ramach tzw. d\u0142ugiego weekendu, kiedy to wszyscy wygrzewaj\u0105 si\u0119 w domowych pieleszach popijaj\u0105c kawk\u0119 lub &#8222;co\u015b mocniejszego&#8221; &#8211; grupa naszych cz\u0142onk\u00f3w tj. Andrzej Raszkiewicz, Mariusz Szczube\u0142ek, Andrzej Zar\u0119ba, Jacek Bednarczyk i Wiesiek Szczube\u0142ek dodatkowo wspierani przez dw\u00f3ch &#8222;kie\u0142bik\u00f3w&#8221; (cz\u0142onkowie Ko\u0142a KIE\u0141BIK) i czterech funkcjonariuszy z JGR Pa\u0144stwowej Stra\u017cy Po\u017carnej w Ostro\u0142\u0119ce podj\u0119\u0142a si\u0119 niecodziennego i trudnego zadania w postaci zlikwidowania tamy \u015bmieci na&#8230;<\/p>\n<p class=\"read-more\"><a class=\"btn btn-default\" href=\"https:\/\/www.pzwnarew.pl\/?p=957\"> Read More<span class=\"screen-reader-text\">  Read More<\/span><\/a><\/p>\n","protected":false},"author":1,"featured_media":0,"comment_status":"closed","ping_status":"closed","sticky":false,"template":"","format":"standard","meta":{"footnotes":""},"categories":[20,24],"tags":[],"class_list":["post-957","post","type-post","status-publish","format-standard","hentry","category-newsy","category-ochrona-wod"],"_links":{"self":[{"href":"https:\/\/www.pzwnarew.pl\/index.php?rest_route=\/wp\/v2\/posts\/957","targetHints":{"allow":["GET"]}}],"collection":[{"href":"https:\/\/www.pzwnarew.pl\/index.php?rest_route=\/wp\/v2\/posts"}],"about":[{"href":"https:\/\/www.pzwnarew.pl\/index.php?rest_route=\/wp\/v2\/types\/post"}],"author":[{"embeddable":true,"href":"https:\/\/www.pzwnarew.pl\/index.php?rest_route=\/wp\/v2\/users\/1"}],"replies":[{"embeddable":true,"href":"https:\/\/www.pzwnarew.pl\/index.php?rest_route=%2Fwp%2Fv2%2Fcomments&post=957"}],"version-history":[{"count":3,"href":"https:\/\/www.pzwnarew.pl\/index.php?rest_route=\/wp\/v2\/posts\/957\/revisions"}],"predecessor-version":[{"id":5958,"href":"https:\/\/www.pzwnarew.pl\/index.php?rest_route=\/wp\/v2\/posts\/957\/revisions\/5958"}],"wp:attachment":[{"href":"https:\/\/www.pzwnarew.pl\/index.php?rest_route=%2Fwp%2Fv2%2Fmedia&parent=957"}],"wp:term":[{"taxonomy":"category","embeddable":true,"href":"https:\/\/www.pzwnarew.pl\/index.php?rest_route=%2Fwp%2Fv2%2Fcategories&post=957"},{"taxonomy":"post_tag","embeddable":true,"href":"https:\/\/www.pzwnarew.pl\/index.php?rest_route=%2Fwp%2Fv2%2Ftags&post=957"}],"curies":[{"name":"wp","href":"https:\/\/api.w.org\/{rel}","templated":true}]}}