{"id":9479,"date":"2023-06-04T14:07:01","date_gmt":"2023-06-04T12:07:01","guid":{"rendered":"http:\/\/www.pzwnarew.pl\/?p=9479"},"modified":"2023-07-01T12:56:44","modified_gmt":"2023-07-01T10:56:44","slug":"9479","status":"publish","type":"post","link":"https:\/\/www.pzwnarew.pl\/?p=9479","title":{"rendered":"Zawody feederowe rozegrane"},"content":{"rendered":"<p>Dzi\u015b odby\u0142y si\u0119 zawody feederowe w naszym kole PZW Narew. Zawody odby\u0142y si\u0119 na \u0142owisku PZW w miejscowo\u015bci Zawodzie. Poznajcie pierwsz\u0105 pi\u0105tk\u0119:<\/p>\n<p>1 miejsce Kobus Marcin,<\/p>\n<p>2 miejsce Prochi\u0144ski \u0141ukasz,<\/p>\n<p>3 miejsce Gr\u0105dzki Tomasz,<\/p>\n<p>4 miejsce Romanik \u0141ukasz,<\/p>\n<p>5 miejsce Gawkowski \u0141ukasz.<\/p>\n<p>Najwi\u0119ksz\u0105 ryb\u0119 zawod\u00f3w z\u0142owi\u0142 Prochi\u0144ski \u0141ukasz a by\u0142 to karp o wadze 1760. Wkr\u00f3tce wi\u0119cej zdj\u0119\u0107 na naszej stronie internetowej.\u00a0\u00a0\u00a0\u00a0\u00a0\u00a0\u00a0\u00a0\u00a0\u00a0\u00a0\u00a0\u00a0\u00a0\u00a0\u00a0\u00a0\u00a0\u00a0\u00a0\u00a0\u00a0\u00a0\u00a0\u00a0\u00a0\u00a0\u00a0\u00a0\u00a0\u00a0\u00a0\u00a0\u00a0\u00a0\u00a0<!--more--><\/p>\n<p><a href=\"http:\/\/www.pzwnarew.pl\/?attachment_id=9481\" rel=\"attachment wp-att-9481\"><img loading=\"lazy\" decoding=\"async\" class=\"alignleft size-medium wp-image-9481\" src=\"http:\/\/www.pzwnarew.pl\/wp-content\/uploads\/2023\/06\/351143210_222248120610662_7954289923493246516_n-300x300.jpg\" alt=\"351143210_222248120610662_7954289923493246516_n\" width=\"300\" height=\"300\" srcset=\"https:\/\/www.pzwnarew.pl\/wp-content\/uploads\/2023\/06\/351143210_222248120610662_7954289923493246516_n-300x300.jpg 300w, https:\/\/www.pzwnarew.pl\/wp-content\/uploads\/2023\/06\/351143210_222248120610662_7954289923493246516_n-150x150.jpg 150w, https:\/\/www.pzwnarew.pl\/wp-content\/uploads\/2023\/06\/351143210_222248120610662_7954289923493246516_n-1024x1024.jpg 1024w, https:\/\/www.pzwnarew.pl\/wp-content\/uploads\/2023\/06\/351143210_222248120610662_7954289923493246516_n.jpg 2048w\" sizes=\"auto, (max-width: 300px) 100vw, 300px\" \/><\/a><\/p>\n","protected":false},"excerpt":{"rendered":"<p>Dzi\u015b odby\u0142y si\u0119 zawody feederowe w naszym kole PZW Narew. Zawody odby\u0142y si\u0119 na \u0142owisku PZW w miejscowo\u015bci Zawodzie. Poznajcie pierwsz\u0105 pi\u0105tk\u0119: 1 miejsce Kobus Marcin, 2 miejsce Prochi\u0144ski \u0141ukasz, 3 miejsce Gr\u0105dzki Tomasz, 4 miejsce Romanik \u0141ukasz, 5 miejsce Gawkowski \u0141ukasz. Najwi\u0119ksz\u0105 ryb\u0119 zawod\u00f3w z\u0142owi\u0142 Prochi\u0144ski \u0141ukasz a by\u0142 to karp o wadze 1760. Wkr\u00f3tce wi\u0119cej zdj\u0119\u0107 na naszej stronie internetowej.\u00a0\u00a0\u00a0\u00a0\u00a0\u00a0\u00a0\u00a0\u00a0\u00a0\u00a0\u00a0\u00a0\u00a0\u00a0\u00a0\u00a0\u00a0\u00a0\u00a0\u00a0\u00a0\u00a0\u00a0\u00a0\u00a0\u00a0\u00a0\u00a0\u00a0\u00a0\u00a0\u00a0\u00a0\u00a0\u00a0<\/p>\n","protected":false},"author":2,"featured_media":9480,"comment_status":"closed","ping_status":"closed","sticky":false,"template":"","format":"standard","meta":{"footnotes":""},"categories":[20,17],"tags":[],"class_list":["post-9479","post","type-post","status-publish","format-standard","has-post-thumbnail","hentry","category-newsy","category-imprezy"],"_links":{"self":[{"href":"https:\/\/www.pzwnarew.pl\/index.php?rest_route=\/wp\/v2\/posts\/9479","targetHints":{"allow":["GET"]}}],"collection":[{"href":"https:\/\/www.pzwnarew.pl\/index.php?rest_route=\/wp\/v2\/posts"}],"about":[{"href":"https:\/\/www.pzwnarew.pl\/index.php?rest_route=\/wp\/v2\/types\/post"}],"author":[{"embeddable":true,"href":"https:\/\/www.pzwnarew.pl\/index.php?rest_route=\/wp\/v2\/users\/2"}],"replies":[{"embeddable":true,"href":"https:\/\/www.pzwnarew.pl\/index.php?rest_route=%2Fwp%2Fv2%2Fcomments&post=9479"}],"version-history":[{"count":3,"href":"https:\/\/www.pzwnarew.pl\/index.php?rest_route=\/wp\/v2\/posts\/9479\/revisions"}],"predecessor-version":[{"id":9599,"href":"https:\/\/www.pzwnarew.pl\/index.php?rest_route=\/wp\/v2\/posts\/9479\/revisions\/9599"}],"wp:featuredmedia":[{"embeddable":true,"href":"https:\/\/www.pzwnarew.pl\/index.php?rest_route=\/wp\/v2\/media\/9480"}],"wp:attachment":[{"href":"https:\/\/www.pzwnarew.pl\/index.php?rest_route=%2Fwp%2Fv2%2Fmedia&parent=9479"}],"wp:term":[{"taxonomy":"category","embeddable":true,"href":"https:\/\/www.pzwnarew.pl\/index.php?rest_route=%2Fwp%2Fv2%2Fcategories&post=9479"},{"taxonomy":"post_tag","embeddable":true,"href":"https:\/\/www.pzwnarew.pl\/index.php?rest_route=%2Fwp%2Fv2%2Ftags&post=9479"}],"curies":[{"name":"wp","href":"https:\/\/api.w.org\/{rel}","templated":true}]}}