{"id":945,"date":"2005-03-17T12:24:37","date_gmt":"2005-03-17T11:24:37","guid":{"rendered":"http:\/\/www.ostroleka.com.pl\/pzw-narew38\/?p=945"},"modified":"2015-03-13T22:46:40","modified_gmt":"2015-03-13T21:46:40","slug":"sprzatanie-swiata-2005","status":"publish","type":"post","link":"https:\/\/www.pzwnarew.pl\/?p=945","title":{"rendered":"Sprz\u0105tanie \u015awiata 2005"},"content":{"rendered":"<p><strong><img loading=\"lazy\" decoding=\"async\" class=\"alignleft wp-image-946 size-full\" title=\"smieci\" src=\"http:\/\/www.pzwnarew.pl\/wp-content\/uploads\/2011\/03\/smieci.jpg\" alt=\"\" width=\"125\" height=\"135\" \/>W\u0119dkarze z Ko\u0142a PZW &#8222;Narew&#8221; sprzatali sw\u00f3j \u015bwiat czyli rzek\u0119 Narew<\/strong><\/p>\n<p>Nie jest legend\u0105, \u017ce mo\u017cna z rzeki wy\u0142owi\u0107 motorower, wy\u0142owili na razie sam\u0105 ram\u0119 od &#8222;Junaka&#8221; dla spragnionych sprz\u0119tu ci\u0119\u017cszego mo\u017cna doda\u0107 ko\u0142o od &#8222;Stara&#8221; i wiele innych &#8222;bibelot\u00f3w&#8221; : stare garnki, w\u00f3zki dzieci\u0119ce, puszki, aba\u017cur z latarni, i itp.<br \/>\nTa akcja b\u0119dzie powtarzana, kilka razy do roku aby na naszej ostro\u0142\u0119ckiej<br \/>\npromenadzie rzecznej \u015bmieci nie straszy\u0142y spacerowicz\u00f3w.<\/p>\n<p style=\"text-align: center;\"><a href=\"http:\/\/www.ostroleka.com.pl\/gallery_pzw\/thumbnails.php?album=22\" target=\"_blank\">Zobacz galeri\u0119 zdj\u0119\u0107 &gt;&gt;<\/a><\/p>\n","protected":false},"excerpt":{"rendered":"<p>W\u0119dkarze z Ko\u0142a PZW &#8222;Narew&#8221; sprzatali sw\u00f3j \u015bwiat czyli rzek\u0119 Narew Nie jest legend\u0105, \u017ce mo\u017cna z rzeki wy\u0142owi\u0107 motorower, wy\u0142owili na razie sam\u0105 ram\u0119 od &#8222;Junaka&#8221; dla spragnionych sprz\u0119tu ci\u0119\u017cszego mo\u017cna doda\u0107 ko\u0142o od &#8222;Stara&#8221; i wiele innych &#8222;bibelot\u00f3w&#8221; : stare garnki, w\u00f3zki dzieci\u0119ce, puszki, aba\u017cur z latarni, i itp. Ta akcja b\u0119dzie powtarzana, kilka razy do roku aby na naszej ostro\u0142\u0119ckiej promenadzie rzecznej \u015bmieci nie straszy\u0142y spacerowicz\u00f3w. Zobacz galeri\u0119 zdj\u0119\u0107 &gt;&gt;<\/p>\n","protected":false},"author":1,"featured_media":0,"comment_status":"closed","ping_status":"closed","sticky":false,"template":"","format":"standard","meta":{"footnotes":""},"categories":[20,24],"tags":[],"class_list":["post-945","post","type-post","status-publish","format-standard","hentry","category-newsy","category-ochrona-wod"],"_links":{"self":[{"href":"https:\/\/www.pzwnarew.pl\/index.php?rest_route=\/wp\/v2\/posts\/945","targetHints":{"allow":["GET"]}}],"collection":[{"href":"https:\/\/www.pzwnarew.pl\/index.php?rest_route=\/wp\/v2\/posts"}],"about":[{"href":"https:\/\/www.pzwnarew.pl\/index.php?rest_route=\/wp\/v2\/types\/post"}],"author":[{"embeddable":true,"href":"https:\/\/www.pzwnarew.pl\/index.php?rest_route=\/wp\/v2\/users\/1"}],"replies":[{"embeddable":true,"href":"https:\/\/www.pzwnarew.pl\/index.php?rest_route=%2Fwp%2Fv2%2Fcomments&post=945"}],"version-history":[{"count":6,"href":"https:\/\/www.pzwnarew.pl\/index.php?rest_route=\/wp\/v2\/posts\/945\/revisions"}],"predecessor-version":[{"id":5961,"href":"https:\/\/www.pzwnarew.pl\/index.php?rest_route=\/wp\/v2\/posts\/945\/revisions\/5961"}],"wp:attachment":[{"href":"https:\/\/www.pzwnarew.pl\/index.php?rest_route=%2Fwp%2Fv2%2Fmedia&parent=945"}],"wp:term":[{"taxonomy":"category","embeddable":true,"href":"https:\/\/www.pzwnarew.pl\/index.php?rest_route=%2Fwp%2Fv2%2Fcategories&post=945"},{"taxonomy":"post_tag","embeddable":true,"href":"https:\/\/www.pzwnarew.pl\/index.php?rest_route=%2Fwp%2Fv2%2Ftags&post=945"}],"curies":[{"name":"wp","href":"https:\/\/api.w.org\/{rel}","templated":true}]}}