{"id":9429,"date":"2023-05-18T23:13:25","date_gmt":"2023-05-18T21:13:25","guid":{"rendered":"http:\/\/www.pzwnarew.pl\/?p=9429"},"modified":"2023-07-06T07:59:13","modified_gmt":"2023-07-06T05:59:13","slug":"szkolenie-ssr-w-serocku","status":"publish","type":"post","link":"https:\/\/www.pzwnarew.pl\/?p=9429","title":{"rendered":"Nowy sprz\u0119t dla naszej grupy SSR Narew"},"content":{"rendered":"<p>W dniu 18.05.2023 nasi stra\u017cnicy z grupy SSR Narew 38 brali udzia\u0142 w szkoleniu SSR w Serocku zorganizowanym przez Okr\u0119g Mazowiecki PZW . Szkolenie przeprowadzi\u0142 komendant wojew\u00f3dzki pa\u0144stwowej stra\u017cy rybackiej z oraz policja rzeczna. Stra\u017ce Okr\u0119gu Mazowieckiego PZW zosta\u0142y do<a href=\"http:\/\/www.pzwnarew.pl\/?attachment_id=9430\" rel=\"attachment wp-att-9430\"><img loading=\"lazy\" decoding=\"async\" class=\"alignright size-thumbnail wp-image-9430\" src=\"http:\/\/www.pzwnarew.pl\/wp-content\/uploads\/2023\/05\/received_574915434745288-150x150.jpeg\" alt=\"received_574915434745288\" width=\"150\" height=\"150\"\/><\/a>posa\u017cone w dodatkowy sprz\u0119t taki jak: latarki, lornetki, kamizelki, echosandy, termowizje, noktowizory, foto pu\u0142apki, szperacze, halogeny i wiele innych konkretnych sprz\u0119t\u00f3w. . Nasza grupa SSR NAREW 38 r\u00f3wnie\u017c zosta\u0142a doceniona przez OM PZW i r\u00f3wnie\u017c zosta\u0142a doposa\u017cona w sprz\u0119t niezb\u0119dny do ochrony naszych w\u00f3d. Stra\u017cnicy SSR Narew otrzymali latarki, sprz\u0119t termowizyjny oraz echosande do \u0142odzi z GPS firmy Lowrance. Za co bardzo dzi\u0119kujemy&nbsp;w\u0142adzom OMPZW za zaufanie i niezb\u0119dny sprz\u0119t do naszej spo\u0142ecznej pracy. Pozdrawiamy Zarz\u0105d oraz stra\u017cnicy ko\u0142a Narew 38&nbsp; &nbsp; <!--more--><\/p>\n<p>&nbsp;<\/p>\n<p>&nbsp;<\/p>\n<p>&nbsp;<\/p>\n<p>&nbsp;<\/p>\n<p><a href=\"http:\/\/www.pzwnarew.pl\/?attachment_id=9431\" rel=\"attachment wp-att-9431\"><img loading=\"lazy\" decoding=\"async\" class=\"alignleft wp-image-9431 size-thumbnail\" src=\"http:\/\/www.pzwnarew.pl\/wp-content\/uploads\/2023\/05\/FB_IMG_1684442818200-150x150.jpg\" alt=\"FB_IMG_1684442818200\" width=\"150\" height=\"150\"\/><\/a><a href=\"http:\/\/www.pzwnarew.pl\/?attachment_id=9432\" rel=\"attachment wp-att-9432\"><img loading=\"lazy\" decoding=\"async\" class=\"alignleft size-thumbnail wp-image-9432\" src=\"http:\/\/www.pzwnarew.pl\/wp-content\/uploads\/2023\/05\/FB_IMG_1684442825113-150x150.jpg\" alt=\"FB_IMG_1684442825113\" width=\"150\" height=\"150\"\/><\/a><a href=\"http:\/\/www.pzwnarew.pl\/?attachment_id=9433\" rel=\"attachment wp-att-9433\"><img loading=\"lazy\" decoding=\"async\" class=\"alignleft size-thumbnail wp-image-9433\" src=\"http:\/\/www.pzwnarew.pl\/wp-content\/uploads\/2023\/05\/FB_IMG_1684442813629-150x150.jpg\" alt=\"FB_IMG_1684442813629\" width=\"150\" height=\"150\"\/><\/a><a href=\"http:\/\/www.pzwnarew.pl\/?attachment_id=9434\" rel=\"attachment wp-att-9434\"><img loading=\"lazy\" decoding=\"async\" class=\"alignleft size-thumbnail wp-image-9434\" src=\"http:\/\/www.pzwnarew.pl\/wp-content\/uploads\/2023\/05\/FB_IMG_1684442821460-150x150.jpg\" alt=\"FB_IMG_1684442821460\" width=\"150\" height=\"150\"\/><\/a><a href=\"http:\/\/www.pzwnarew.pl\/?attachment_id=9435\" rel=\"attachment wp-att-9435\"><img loading=\"lazy\" decoding=\"async\" class=\"alignleft size-thumbnail wp-image-9435\" src=\"http:\/\/www.pzwnarew.pl\/wp-content\/uploads\/2023\/05\/FB_IMG_1684442854746-150x150.jpg\" alt=\"FB_IMG_1684442854746\" width=\"150\" height=\"150\"\/><\/a><\/p>\n","protected":false},"excerpt":{"rendered":"<p>W dniu 18.05.2023 nasi stra\u017cnicy z grupy SSR Narew 38 brali udzia\u0142 w szkoleniu SSR w Serocku zorganizowanym przez Okr\u0119g Mazowiecki PZW . Szkolenie przeprowadzi\u0142 komendant wojew\u00f3dzki pa\u0144stwowej stra\u017cy rybackiej z oraz policja rzeczna. Stra\u017ce Okr\u0119gu Mazowieckiego PZW zosta\u0142y doposa\u017cone w dodatkowy sprz\u0119t taki jak: latarki, lornetki, kamizelki, echosandy, termowizje, noktowizory, foto pu\u0142apki, szperacze, halogeny i wiele innych konkretnych sprz\u0119t\u00f3w. . Nasza grupa SSR NAREW 38 r\u00f3wnie\u017c zosta\u0142a doceniona przez OM PZW i r\u00f3wnie\u017c zosta\u0142a doposa\u017cona w sprz\u0119t niezb\u0119dny do&#8230;<\/p>\n<p class=\"read-more\"><a class=\"btn btn-default\" href=\"https:\/\/www.pzwnarew.pl\/?p=9429\"> Read More<span class=\"screen-reader-text\">  Read More<\/span><\/a><\/p>\n","protected":false},"author":2,"featured_media":9430,"comment_status":"closed","ping_status":"closed","sticky":false,"template":"","format":"standard","meta":{"footnotes":""},"categories":[20],"tags":[],"class_list":["post-9429","post","type-post","status-publish","format-standard","has-post-thumbnail","hentry","category-newsy"],"_links":{"self":[{"href":"https:\/\/www.pzwnarew.pl\/index.php?rest_route=\/wp\/v2\/posts\/9429","targetHints":{"allow":["GET"]}}],"collection":[{"href":"https:\/\/www.pzwnarew.pl\/index.php?rest_route=\/wp\/v2\/posts"}],"about":[{"href":"https:\/\/www.pzwnarew.pl\/index.php?rest_route=\/wp\/v2\/types\/post"}],"author":[{"embeddable":true,"href":"https:\/\/www.pzwnarew.pl\/index.php?rest_route=\/wp\/v2\/users\/2"}],"replies":[{"embeddable":true,"href":"https:\/\/www.pzwnarew.pl\/index.php?rest_route=%2Fwp%2Fv2%2Fcomments&post=9429"}],"version-history":[{"count":6,"href":"https:\/\/www.pzwnarew.pl\/index.php?rest_route=\/wp\/v2\/posts\/9429\/revisions"}],"predecessor-version":[{"id":9667,"href":"https:\/\/www.pzwnarew.pl\/index.php?rest_route=\/wp\/v2\/posts\/9429\/revisions\/9667"}],"wp:featuredmedia":[{"embeddable":true,"href":"https:\/\/www.pzwnarew.pl\/index.php?rest_route=\/wp\/v2\/media\/9430"}],"wp:attachment":[{"href":"https:\/\/www.pzwnarew.pl\/index.php?rest_route=%2Fwp%2Fv2%2Fmedia&parent=9429"}],"wp:term":[{"taxonomy":"category","embeddable":true,"href":"https:\/\/www.pzwnarew.pl\/index.php?rest_route=%2Fwp%2Fv2%2Fcategories&post=9429"},{"taxonomy":"post_tag","embeddable":true,"href":"https:\/\/www.pzwnarew.pl\/index.php?rest_route=%2Fwp%2Fv2%2Ftags&post=9429"}],"curies":[{"name":"wp","href":"https:\/\/api.w.org\/{rel}","templated":true}]}}