{"id":9272,"date":"2022-12-12T18:34:00","date_gmt":"2022-12-12T17:34:00","guid":{"rendered":"http:\/\/www.pzwnarew.pl\/?p=9272"},"modified":"2022-12-15T09:49:28","modified_gmt":"2022-12-15T08:49:28","slug":"spotkanie-wigilijne-2","status":"publish","type":"post","link":"https:\/\/www.pzwnarew.pl\/?p=9272","title":{"rendered":"Spotkanie wigilijne"},"content":{"rendered":"<p>W dniu 9 grudnia w\u0119dkarze z naszego ko\u0142a spotkali si\u0119 na uroczystej wigilii w\u0119dkarskiej w restauracji &#8222;Kuchnia u Maszki&#8221;. Wszyscy z\u0142o\u017cyli sobie \u017cyczenia i podzielili si\u0119 op\u0142atkiem. Atmosfera \u015bwi\u0105teczna sprzyja\u0142a podsumowaniu mijaj\u0105cego roku oraz planowaniu imprez w nast\u0119pnym sezonie.<\/p>\n<p><a href=\"http:\/\/www.pzwnarew.pl\/?attachment_id=9273\" rel=\"attachment wp-att-9273\"><img loading=\"lazy\" decoding=\"async\" class=\"alignleft wp-image-9273 size-thumbnail\" src=\"http:\/\/www.pzwnarew.pl\/wp-content\/uploads\/2022\/12\/319011848_2336369793192402_4249983947605806225_n-150x150.jpg\" alt=\"319011848_2336369793192402_4249983947605806225_n\" width=\"150\" height=\"150\" \/><\/a><a href=\"http:\/\/www.pzwnarew.pl\/?attachment_id=9274\" rel=\"attachment wp-att-9274\"><img loading=\"lazy\" decoding=\"async\" class=\"alignright wp-image-9274 size-thumbnail\" src=\"http:\/\/www.pzwnarew.pl\/wp-content\/uploads\/2022\/12\/319036457_2336370273192354_7926602546641477354_n-150x150.jpg\" alt=\"319036457_2336370273192354_7926602546641477354_n\" width=\"150\" height=\"150\" \/><\/a><a href=\"http:\/\/www.pzwnarew.pl\/?attachment_id=9275\" rel=\"attachment wp-att-9275\"><img loading=\"lazy\" decoding=\"async\" class=\"alignleft wp-image-9275 size-thumbnail\" src=\"http:\/\/www.pzwnarew.pl\/wp-content\/uploads\/2022\/12\/319100167_2336369929859055_3011636584410420931_n-150x150.jpg\" alt=\"319100167_2336369929859055_3011636584410420931_n\" width=\"150\" height=\"150\" \/><\/a><\/p>\n","protected":false},"excerpt":{"rendered":"<p>W dniu 9 grudnia w\u0119dkarze z naszego ko\u0142a spotkali si\u0119 na uroczystej wigilii w\u0119dkarskiej w restauracji &#8222;Kuchnia u Maszki&#8221;. Wszyscy z\u0142o\u017cyli sobie \u017cyczenia i podzielili si\u0119 op\u0142atkiem. Atmosfera \u015bwi\u0105teczna sprzyja\u0142a podsumowaniu mijaj\u0105cego roku oraz planowaniu imprez w nast\u0119pnym sezonie.<\/p>\n","protected":false},"author":2,"featured_media":0,"comment_status":"open","ping_status":"closed","sticky":false,"template":"","format":"standard","meta":{"footnotes":""},"categories":[20,17],"tags":[],"class_list":["post-9272","post","type-post","status-publish","format-standard","hentry","category-newsy","category-imprezy"],"_links":{"self":[{"href":"https:\/\/www.pzwnarew.pl\/index.php?rest_route=\/wp\/v2\/posts\/9272","targetHints":{"allow":["GET"]}}],"collection":[{"href":"https:\/\/www.pzwnarew.pl\/index.php?rest_route=\/wp\/v2\/posts"}],"about":[{"href":"https:\/\/www.pzwnarew.pl\/index.php?rest_route=\/wp\/v2\/types\/post"}],"author":[{"embeddable":true,"href":"https:\/\/www.pzwnarew.pl\/index.php?rest_route=\/wp\/v2\/users\/2"}],"replies":[{"embeddable":true,"href":"https:\/\/www.pzwnarew.pl\/index.php?rest_route=%2Fwp%2Fv2%2Fcomments&post=9272"}],"version-history":[{"count":5,"href":"https:\/\/www.pzwnarew.pl\/index.php?rest_route=\/wp\/v2\/posts\/9272\/revisions"}],"predecessor-version":[{"id":9285,"href":"https:\/\/www.pzwnarew.pl\/index.php?rest_route=\/wp\/v2\/posts\/9272\/revisions\/9285"}],"wp:attachment":[{"href":"https:\/\/www.pzwnarew.pl\/index.php?rest_route=%2Fwp%2Fv2%2Fmedia&parent=9272"}],"wp:term":[{"taxonomy":"category","embeddable":true,"href":"https:\/\/www.pzwnarew.pl\/index.php?rest_route=%2Fwp%2Fv2%2Fcategories&post=9272"},{"taxonomy":"post_tag","embeddable":true,"href":"https:\/\/www.pzwnarew.pl\/index.php?rest_route=%2Fwp%2Fv2%2Ftags&post=9272"}],"curies":[{"name":"wp","href":"https:\/\/api.w.org\/{rel}","templated":true}]}}