{"id":9264,"date":"2022-12-05T10:34:51","date_gmt":"2022-12-05T09:34:51","guid":{"rendered":"http:\/\/www.pzwnarew.pl\/?p=9264"},"modified":"2022-12-07T11:13:04","modified_gmt":"2022-12-07T10:13:04","slug":"zebranie-sprawozdawcze-naszego-kola","status":"publish","type":"post","link":"https:\/\/www.pzwnarew.pl\/?p=9264","title":{"rendered":"Zebranie sprawozdawcze naszego ko\u0142a"},"content":{"rendered":"<p>W dniu 2 grudnia cz\u0142onkowie ko\u0142a Narew 38 spotkali si\u0119 na zebraniu sprawozdawczym. W trakcie obrad rozliczono\u00a0<a href=\"http:\/\/www.pzwnarew.pl\/?attachment_id=9268\" rel=\"attachment wp-att-9268\"><img loading=\"lazy\" decoding=\"async\" class=\"alignright size-thumbnail wp-image-9268\" src=\"http:\/\/www.pzwnarew.pl\/wp-content\/uploads\/2022\/12\/317242462_678994840277201_7619621305903741159_n-150x150.jpg\" alt=\"317242462_678994840277201_7619621305903741159_n\" width=\"150\" height=\"150\" \/><\/a> zarz\u0105d ko\u0142a z dzia\u0142alno\u015bci\u00a0 oraz wytyczono i nakre\u015blono plan dzia\u0142ania na 2023 rok. Odznaczono br\u0105zow\u0105\u00a0 Odznak\u0105 PZW\u00a0 Janusza Gumkowskiego komendanta spo\u0142ecznej stra\u017cy rybackiej powiatu ostro\u0142\u0119ckiego. Rozstrzygni\u0119to oraz uhonorowano statuetkami\u00a0 uczestnik\u00f3w konkursu \u0142owcy okaz\u00f3w 2022 roku. Rafa\u0142 Wojtkowiak \u0142owca Karasia, Jan Zi\u0119ba \u0142owca Szczupaka, Grzegorza Tyszk\u0119 \u0142owca leszcza, Piotr Terlikowski \u0142owca p\u0142oci, \u0141ukasza Garbulewskiego \u0142owca okonia. Zdobywc\u0105 tytu\u0142u zawodnika grand prix 2022 ko\u0142a nr 38 Narew zosta\u0142 \u0141ukasz Garbulewski otrzyma\u0142 on pi\u0119kny puchar oraz nagrod\u0119 w postaci bonu 500 z\u0142.<\/p>\n<p><a href=\"http:\/\/www.pzwnarew.pl\/gallery_pzw\/thumbnails.php?album=297\"><img loading=\"lazy\" decoding=\"async\" class=\"aligncenter size-full wp-image-4190\" src=\"http:\/\/www.pzwnarew.pl\/wp-content\/uploads\/2013\/04\/play-galeria.jpg\" alt=\"play galeria\" width=\"342\" height=\"213\" srcset=\"https:\/\/www.pzwnarew.pl\/wp-content\/uploads\/2013\/04\/play-galeria.jpg 342w, https:\/\/www.pzwnarew.pl\/wp-content\/uploads\/2013\/04\/play-galeria-300x186.jpg 300w\" sizes=\"auto, (max-width: 342px) 100vw, 342px\" \/><\/a><\/p>\n","protected":false},"excerpt":{"rendered":"<p>W dniu 2 grudnia cz\u0142onkowie ko\u0142a Narew 38 spotkali si\u0119 na zebraniu sprawozdawczym. W trakcie obrad rozliczono\u00a0 zarz\u0105d ko\u0142a z dzia\u0142alno\u015bci\u00a0 oraz wytyczono i nakre\u015blono plan dzia\u0142ania na 2023 rok. Odznaczono br\u0105zow\u0105\u00a0 Odznak\u0105 PZW\u00a0 Janusza Gumkowskiego komendanta spo\u0142ecznej stra\u017cy rybackiej powiatu ostro\u0142\u0119ckiego. Rozstrzygni\u0119to oraz uhonorowano statuetkami\u00a0 uczestnik\u00f3w konkursu \u0142owcy okaz\u00f3w 2022 roku. Rafa\u0142 Wojtkowiak \u0142owca Karasia, Jan Zi\u0119ba \u0142owca Szczupaka, Grzegorza Tyszk\u0119 \u0142owca leszcza, Piotr Terlikowski \u0142owca p\u0142oci, \u0141ukasza Garbulewskiego \u0142owca okonia. Zdobywc\u0105 tytu\u0142u zawodnika grand prix 2022 ko\u0142a nr&#8230;<\/p>\n<p class=\"read-more\"><a class=\"btn btn-default\" href=\"https:\/\/www.pzwnarew.pl\/?p=9264\"> Read More<span class=\"screen-reader-text\">  Read More<\/span><\/a><\/p>\n","protected":false},"author":2,"featured_media":0,"comment_status":"open","ping_status":"closed","sticky":false,"template":"","format":"standard","meta":{"footnotes":""},"categories":[20],"tags":[],"class_list":["post-9264","post","type-post","status-publish","format-standard","hentry","category-newsy"],"_links":{"self":[{"href":"https:\/\/www.pzwnarew.pl\/index.php?rest_route=\/wp\/v2\/posts\/9264","targetHints":{"allow":["GET"]}}],"collection":[{"href":"https:\/\/www.pzwnarew.pl\/index.php?rest_route=\/wp\/v2\/posts"}],"about":[{"href":"https:\/\/www.pzwnarew.pl\/index.php?rest_route=\/wp\/v2\/types\/post"}],"author":[{"embeddable":true,"href":"https:\/\/www.pzwnarew.pl\/index.php?rest_route=\/wp\/v2\/users\/2"}],"replies":[{"embeddable":true,"href":"https:\/\/www.pzwnarew.pl\/index.php?rest_route=%2Fwp%2Fv2%2Fcomments&post=9264"}],"version-history":[{"count":6,"href":"https:\/\/www.pzwnarew.pl\/index.php?rest_route=\/wp\/v2\/posts\/9264\/revisions"}],"predecessor-version":[{"id":9271,"href":"https:\/\/www.pzwnarew.pl\/index.php?rest_route=\/wp\/v2\/posts\/9264\/revisions\/9271"}],"wp:attachment":[{"href":"https:\/\/www.pzwnarew.pl\/index.php?rest_route=%2Fwp%2Fv2%2Fmedia&parent=9264"}],"wp:term":[{"taxonomy":"category","embeddable":true,"href":"https:\/\/www.pzwnarew.pl\/index.php?rest_route=%2Fwp%2Fv2%2Fcategories&post=9264"},{"taxonomy":"post_tag","embeddable":true,"href":"https:\/\/www.pzwnarew.pl\/index.php?rest_route=%2Fwp%2Fv2%2Ftags&post=9264"}],"curies":[{"name":"wp","href":"https:\/\/api.w.org\/{rel}","templated":true}]}}