{"id":9240,"date":"2022-11-11T16:26:06","date_gmt":"2022-11-11T15:26:06","guid":{"rendered":"http:\/\/www.pzwnarew.pl\/?p=9240"},"modified":"2022-11-11T16:29:38","modified_gmt":"2022-11-11T15:29:38","slug":"zawody-spinningowe-z-okazji-dnia-niepodleglosci-2","status":"publish","type":"post","link":"https:\/\/www.pzwnarew.pl\/?p=9240","title":{"rendered":"Zawody spinningowe z okazji Dnia Niepodleg\u0142o\u015bci"},"content":{"rendered":"<p>W dniu 11 listopada odby\u0142y si\u0119 zawody spinningowe z okazji Dnia Niepodleg\u0142o\u015bci. W\u0119dkarze \u00a0\u0142owi\u0142y z\u00a0\u0142odzi na rzece\u00a0<a href=\"http:\/\/www.pzwnarew.pl\/?attachment_id=9241\" rel=\"attachment wp-att-9241\"><img loading=\"lazy\" decoding=\"async\" class=\"alignright size-thumbnail wp-image-9241\" src=\"http:\/\/www.pzwnarew.pl\/wp-content\/uploads\/2022\/11\/315000041_8321239464613941_1133021014609779860_n-150x150.jpg\" alt=\"315000041_8321239464613941_1133021014609779860_n\" width=\"150\" height=\"150\" \/><\/a> Narew w Ostro\u0142\u0119ce. Pi\u0119kne puchary w barwach bia\u0142o czerwonych trafi\u0142y do:<\/p>\n<p>I miejsce \u0141ukasz Romanik<\/p>\n<p>II miejsce Zbigniew Lis<\/p>\n<p>III miejsce Andrzej Za\u0142\u0119ski<\/p>\n<p>IV miejsce \u0141ukasz Gawkowski<\/p>\n<p>V miejsce\u00a0 Rafa\u0142 Wojtkowiak<\/p>\n<p>Puchar za najwi\u0119kszego okonia otrzyma\u0142 \u00a0\u00a0\u0141ukasz Romanik.\u00a0 \u00a0<!--more--><\/p>\n<p>Ca\u0142e ukoronowanie zawodnik\u00f3w \u00a0odby\u0142o si\u0119 na tarasie widokowym restauracji \u201eNad Narwi\u0105\u201d w barwach bia\u0142o czerwonych. Na zako\u0144czenie zawod\u00f3w wszyscy wsp\u00f3lnie przy stole zjedli obiad i ruszyli \u015bwi\u0119towa\u0107 do domu.<\/p>\n<p><a href=\"http:\/\/www.pzwnarew.pl\/gallery_pzw\/thumbnails.php?album=296\"><img loading=\"lazy\" decoding=\"async\" class=\"aligncenter size-medium wp-image-4190\" src=\"http:\/\/www.pzwnarew.pl\/wp-content\/uploads\/2013\/04\/play-galeria-300x186.jpg\" alt=\"play galeria\" width=\"300\" height=\"186\" srcset=\"https:\/\/www.pzwnarew.pl\/wp-content\/uploads\/2013\/04\/play-galeria-300x186.jpg 300w, https:\/\/www.pzwnarew.pl\/wp-content\/uploads\/2013\/04\/play-galeria.jpg 342w\" sizes=\"auto, (max-width: 300px) 100vw, 300px\" \/><\/a><\/p>\n<p><a href=\"http:\/\/www.pzwnarew.pl\/gallery_pzw\/thumbnails.php?album=296\">\u00a0<\/a><\/p>\n<p>&nbsp;<\/p>\n","protected":false},"excerpt":{"rendered":"<p>W dniu 11 listopada odby\u0142y si\u0119 zawody spinningowe z okazji Dnia Niepodleg\u0142o\u015bci. W\u0119dkarze \u00a0\u0142owi\u0142y z\u00a0\u0142odzi na rzece\u00a0 Narew w Ostro\u0142\u0119ce. Pi\u0119kne puchary w barwach bia\u0142o czerwonych trafi\u0142y do: I miejsce \u0141ukasz Romanik II miejsce Zbigniew Lis III miejsce Andrzej Za\u0142\u0119ski IV miejsce \u0141ukasz Gawkowski V miejsce\u00a0 Rafa\u0142 Wojtkowiak Puchar za najwi\u0119kszego okonia otrzyma\u0142 \u00a0\u00a0\u0141ukasz Romanik.\u00a0 \u00a0<\/p>\n","protected":false},"author":2,"featured_media":0,"comment_status":"open","ping_status":"closed","sticky":false,"template":"","format":"standard","meta":{"footnotes":""},"categories":[20,17],"tags":[],"class_list":["post-9240","post","type-post","status-publish","format-standard","hentry","category-newsy","category-imprezy"],"_links":{"self":[{"href":"https:\/\/www.pzwnarew.pl\/index.php?rest_route=\/wp\/v2\/posts\/9240","targetHints":{"allow":["GET"]}}],"collection":[{"href":"https:\/\/www.pzwnarew.pl\/index.php?rest_route=\/wp\/v2\/posts"}],"about":[{"href":"https:\/\/www.pzwnarew.pl\/index.php?rest_route=\/wp\/v2\/types\/post"}],"author":[{"embeddable":true,"href":"https:\/\/www.pzwnarew.pl\/index.php?rest_route=\/wp\/v2\/users\/2"}],"replies":[{"embeddable":true,"href":"https:\/\/www.pzwnarew.pl\/index.php?rest_route=%2Fwp%2Fv2%2Fcomments&post=9240"}],"version-history":[{"count":3,"href":"https:\/\/www.pzwnarew.pl\/index.php?rest_route=\/wp\/v2\/posts\/9240\/revisions"}],"predecessor-version":[{"id":9244,"href":"https:\/\/www.pzwnarew.pl\/index.php?rest_route=\/wp\/v2\/posts\/9240\/revisions\/9244"}],"wp:attachment":[{"href":"https:\/\/www.pzwnarew.pl\/index.php?rest_route=%2Fwp%2Fv2%2Fmedia&parent=9240"}],"wp:term":[{"taxonomy":"category","embeddable":true,"href":"https:\/\/www.pzwnarew.pl\/index.php?rest_route=%2Fwp%2Fv2%2Fcategories&post=9240"},{"taxonomy":"post_tag","embeddable":true,"href":"https:\/\/www.pzwnarew.pl\/index.php?rest_route=%2Fwp%2Fv2%2Ftags&post=9240"}],"curies":[{"name":"wp","href":"https:\/\/api.w.org\/{rel}","templated":true}]}}