{"id":915,"date":"2008-03-12T10:28:35","date_gmt":"2008-03-12T09:28:35","guid":{"rendered":"http:\/\/www.ostroleka.com.pl\/pzw-narew38\/?p=915"},"modified":"2015-03-13T22:48:17","modified_gmt":"2015-03-13T21:48:17","slug":"akcja-tarlo-rozpoczeta","status":"publish","type":"post","link":"https:\/\/www.pzwnarew.pl\/?p=915","title":{"rendered":"AKCJA &#8222;TAR\u0141O&#8221; ROZPOCZ\u0118TA"},"content":{"rendered":"<p><strong><a href=\"http:\/\/www.ostroleka.com.pl\/pzw-narew38\/wp-content\/uploads\/2011\/03\/siatki_02.jpg\"><img loading=\"lazy\" decoding=\"async\" class=\"alignleft wp-image-916 size-thumbnail\" title=\"siatki_02\" src=\"http:\/\/www.pzwnarew.pl\/wp-content\/uploads\/2011\/03\/siatki_02-150x150.jpg\" alt=\"\" width=\"150\" height=\"150\" \/><\/a>Grupa stra\u017cnik\u00f3w Spo\u0142ecznej Stra\u017cy Rybackiej przy kole PZW &#8222;Narew&#8221; rozpocz\u0119\u0142a ju\u017c dzia\u0142ania przeciw k\u0142usownikom na Narwi i jej dop\u0142ywach.<\/strong><\/p>\n<p>W tym roku stra\u017cnicy wykonali ju\u017c 7 patroli \u0142odzi\u0105 motorow\u0105 &#8222;Kameo&#8221; kontroluj\u0105c starorzecza szczeg\u00f3lnie nara\u017cone na dzia\u0142ania k\u0142usownik\u00f3w. Plonem tych akcji s\u0105 zbierane z wody sieci w kt\u00f3re mog\u0105 wpada\u0107 ci\u0105gn\u0105ce ju\u017c na tar\u0142o.<!--more--><\/p>\n<p>Tylko jednej nocy z 11\/12 marca, dwuosobowy patrol stra\u017cnik\u00f3w w sk\u0142adzie Wies\u0142aw Sz. i Marcin \u015a. zebra\u0142 sze\u015b\u0107 siatek z kt\u00f3rych uwolniono oko\u0142o 50 kg ryb, by\u0142y to przewa\u017cnie p\u0142otki w jedna sie\u0107 zapl\u0105ta\u0142 si\u0119 spory szczupak, kt\u00f3ry zap\u0119dzi\u0142 si\u0119 za \u0142atwym \u017cerem.<\/p>\n<p>Stra\u017cnicy z naszego ko\u0142a &#8222;Narew&#8221; b\u0119d\u0105 do ko\u0144ca kwietnia prowadzi\u0107 intensywne dzia\u0142ania na Narwi aby jak najwi\u0119ksza liczba ryb mog\u0142a spokojnie wytrze\u0107 si\u0119 na tarliskach.<br \/>\nProsimy wszystkich w\u0119dkarzy o sygna\u0142y \u015bwiadcz\u0105ce o aktach k\u0142usownictwa wodnego, b\u0119dziemy starali si\u0119 reagowa\u0107 natychmiast.<\/p>\n","protected":false},"excerpt":{"rendered":"<p>Grupa stra\u017cnik\u00f3w Spo\u0142ecznej Stra\u017cy Rybackiej przy kole PZW &#8222;Narew&#8221; rozpocz\u0119\u0142a ju\u017c dzia\u0142ania przeciw k\u0142usownikom na Narwi i jej dop\u0142ywach. W tym roku stra\u017cnicy wykonali ju\u017c 7 patroli \u0142odzi\u0105 motorow\u0105 &#8222;Kameo&#8221; kontroluj\u0105c starorzecza szczeg\u00f3lnie nara\u017cone na dzia\u0142ania k\u0142usownik\u00f3w. Plonem tych akcji s\u0105 zbierane z wody sieci w kt\u00f3re mog\u0105 wpada\u0107 ci\u0105gn\u0105ce ju\u017c na tar\u0142o.<\/p>\n","protected":false},"author":1,"featured_media":0,"comment_status":"closed","ping_status":"closed","sticky":false,"template":"","format":"standard","meta":{"footnotes":""},"categories":[20,24],"tags":[],"class_list":["post-915","post","type-post","status-publish","format-standard","hentry","category-newsy","category-ochrona-wod"],"_links":{"self":[{"href":"https:\/\/www.pzwnarew.pl\/index.php?rest_route=\/wp\/v2\/posts\/915","targetHints":{"allow":["GET"]}}],"collection":[{"href":"https:\/\/www.pzwnarew.pl\/index.php?rest_route=\/wp\/v2\/posts"}],"about":[{"href":"https:\/\/www.pzwnarew.pl\/index.php?rest_route=\/wp\/v2\/types\/post"}],"author":[{"embeddable":true,"href":"https:\/\/www.pzwnarew.pl\/index.php?rest_route=\/wp\/v2\/users\/1"}],"replies":[{"embeddable":true,"href":"https:\/\/www.pzwnarew.pl\/index.php?rest_route=%2Fwp%2Fv2%2Fcomments&post=915"}],"version-history":[{"count":9,"href":"https:\/\/www.pzwnarew.pl\/index.php?rest_route=\/wp\/v2\/posts\/915\/revisions"}],"predecessor-version":[{"id":5968,"href":"https:\/\/www.pzwnarew.pl\/index.php?rest_route=\/wp\/v2\/posts\/915\/revisions\/5968"}],"wp:attachment":[{"href":"https:\/\/www.pzwnarew.pl\/index.php?rest_route=%2Fwp%2Fv2%2Fmedia&parent=915"}],"wp:term":[{"taxonomy":"category","embeddable":true,"href":"https:\/\/www.pzwnarew.pl\/index.php?rest_route=%2Fwp%2Fv2%2Fcategories&post=915"},{"taxonomy":"post_tag","embeddable":true,"href":"https:\/\/www.pzwnarew.pl\/index.php?rest_route=%2Fwp%2Fv2%2Ftags&post=915"}],"curies":[{"name":"wp","href":"https:\/\/api.w.org\/{rel}","templated":true}]}}