{"id":910,"date":"2008-04-21T10:25:00","date_gmt":"2008-04-21T09:25:00","guid":{"rendered":"http:\/\/www.ostroleka.com.pl\/pzw-narew38\/?p=910"},"modified":"2015-03-13T22:48:41","modified_gmt":"2015-03-13T21:48:41","slug":"siatkarze-przegrywaja","status":"publish","type":"post","link":"https:\/\/www.pzwnarew.pl\/?p=910","title":{"rendered":"&#8222;SIATKARZE&#8221; PRZEGRYWAJ\u0104"},"content":{"rendered":"<p><strong><a href=\"http:\/\/www.ostroleka.com.pl\/pzw-narew38\/wp-content\/uploads\/2011\/03\/siatki.jpg\"><img loading=\"lazy\" decoding=\"async\" class=\"alignleft wp-image-911 size-thumbnail\" title=\"siatki\" src=\"http:\/\/www.pzwnarew.pl\/wp-content\/uploads\/2011\/03\/siatki-150x150.jpg\" alt=\"\" width=\"150\" height=\"150\" \/><\/a>Wiosna 2008 r. w pe\u0142ni i niestety &#8211; k\u0142usownictwo tak\u017ce.<\/strong><\/p>\n<p>Proceder ten pomimo licznych akcji Pa\u0144stwowej Stra\u017cy Rybackiej &#8211; Posterunek w Ostro\u0142\u0119ce, w kt\u00f3rej uczestnicz\u0105 stra\u017cnicy z grupy Ko\u0142a &#8222;Narew&#8221; w dalszym ci\u0105gu zagra\u017ca populacji ryb odbywaj\u0105cych tar\u0142o.<br \/>\nDowodem intensywnej walki z k\u0142usownictwem jest wczorajszy wynik 16 godzinnego patrolu naszych stra\u017cnik\u00f3w, kt\u00f3rym dowodzi\u0142 nowo mianowany dow\u00f3dca grupy Marcin \u015alepski.<!--more--><\/p>\n<p>Stra\u017cnicy zabezpieczyli 6 siatek w tym cztery \u017cy\u0142kowe, kt\u00f3re sta\u0142y w tarliskach odbywaj\u0105cego tar\u0142o leszcza tzw. &#8222;wojciechowego&#8221;.<\/p>\n<p>Apelujemy ponownie do wszystkich w\u0119dkarzy o obywatelsk\u0105 i ekologiczn\u0105 postaw\u0119 nad wod\u0105, reagujmy na ka\u017cdy przejaw k\u0142usownictwa aby ogranicza\u0107 powoln\u0105 \u015bmier\u0107 ryb uwi\u0119zionych w \u017cy\u0142kowych matniach.<\/p>\n","protected":false},"excerpt":{"rendered":"<p>Wiosna 2008 r. w pe\u0142ni i niestety &#8211; k\u0142usownictwo tak\u017ce. Proceder ten pomimo licznych akcji Pa\u0144stwowej Stra\u017cy Rybackiej &#8211; Posterunek w Ostro\u0142\u0119ce, w kt\u00f3rej uczestnicz\u0105 stra\u017cnicy z grupy Ko\u0142a &#8222;Narew&#8221; w dalszym ci\u0105gu zagra\u017ca populacji ryb odbywaj\u0105cych tar\u0142o. Dowodem intensywnej walki z k\u0142usownictwem jest wczorajszy wynik 16 godzinnego patrolu naszych stra\u017cnik\u00f3w, kt\u00f3rym dowodzi\u0142 nowo mianowany dow\u00f3dca grupy Marcin \u015alepski.<\/p>\n","protected":false},"author":1,"featured_media":0,"comment_status":"closed","ping_status":"closed","sticky":false,"template":"","format":"standard","meta":{"footnotes":""},"categories":[20,24],"tags":[],"class_list":["post-910","post","type-post","status-publish","format-standard","hentry","category-newsy","category-ochrona-wod"],"_links":{"self":[{"href":"https:\/\/www.pzwnarew.pl\/index.php?rest_route=\/wp\/v2\/posts\/910","targetHints":{"allow":["GET"]}}],"collection":[{"href":"https:\/\/www.pzwnarew.pl\/index.php?rest_route=\/wp\/v2\/posts"}],"about":[{"href":"https:\/\/www.pzwnarew.pl\/index.php?rest_route=\/wp\/v2\/types\/post"}],"author":[{"embeddable":true,"href":"https:\/\/www.pzwnarew.pl\/index.php?rest_route=\/wp\/v2\/users\/1"}],"replies":[{"embeddable":true,"href":"https:\/\/www.pzwnarew.pl\/index.php?rest_route=%2Fwp%2Fv2%2Fcomments&post=910"}],"version-history":[{"count":4,"href":"https:\/\/www.pzwnarew.pl\/index.php?rest_route=\/wp\/v2\/posts\/910\/revisions"}],"predecessor-version":[{"id":5969,"href":"https:\/\/www.pzwnarew.pl\/index.php?rest_route=\/wp\/v2\/posts\/910\/revisions\/5969"}],"wp:attachment":[{"href":"https:\/\/www.pzwnarew.pl\/index.php?rest_route=%2Fwp%2Fv2%2Fmedia&parent=910"}],"wp:term":[{"taxonomy":"category","embeddable":true,"href":"https:\/\/www.pzwnarew.pl\/index.php?rest_route=%2Fwp%2Fv2%2Fcategories&post=910"},{"taxonomy":"post_tag","embeddable":true,"href":"https:\/\/www.pzwnarew.pl\/index.php?rest_route=%2Fwp%2Fv2%2Ftags&post=910"}],"curies":[{"name":"wp","href":"https:\/\/api.w.org\/{rel}","templated":true}]}}