{"id":9047,"date":"2022-04-03T16:12:35","date_gmt":"2022-04-03T14:12:35","guid":{"rendered":"http:\/\/www.pzwnarew.pl\/?p=9047"},"modified":"2022-04-04T13:44:52","modified_gmt":"2022-04-04T11:44:52","slug":"odmulanie-i-sprzatanie-omulwi","status":"publish","type":"post","link":"https:\/\/www.pzwnarew.pl\/?p=9047","title":{"rendered":"&#8222;ODMULANIE&#8221; I SPRZ\u0104TANIE OMULWI"},"content":{"rendered":"<p>W dniu 2 kwietnia nasze ko\u0142o wsp\u00f3lnie ze\u00a0 \u00a0stra\u017cnikami z grupy SSRyb K-38 wzi\u0119\u0142o udzia\u0142 w sp\u0142ywie i sprz\u0105taniu<a href=\"http:\/\/www.pzwnarew.pl\/wp-content\/uploads\/2022\/04\/277546224_384955549882475_8749323701840124173_n.jpg\"><img loading=\"lazy\" decoding=\"async\" class=\"alignright size-thumbnail wp-image-9048\" src=\"http:\/\/www.pzwnarew.pl\/wp-content\/uploads\/2022\/04\/277546224_384955549882475_8749323701840124173_n-150x150.jpg\" alt=\"277546224_384955549882475_8749323701840124173_n\" width=\"150\" height=\"150\" \/><\/a> rzeki Omulwi. Nagrody dla uczestnik\u00f3w wr\u0119czy\u0142 Prezes ko\u0142a Andrzej Raszkiewicz. Nasza \u0142\u00f3d\u017a patrolowa asystowa\u0142a i asekurowa\u0142a uczestnik\u00f3w kt\u00f3rzy p\u0142yn\u0119li wp\u0142aw nurtem Omulwi. Zn\u00f3w zebrano ogromna liczb\u0119 \u015bmieci. Impreze t\u0119 zorganizowa\u0142a ostro\u0142\u0119cka Ekomena, grupa nurk\u00f3w Podwodny Jele\u0144 , oraz pracownicy ostro\u0142\u0119ckiego\u00a0 Pa\u0144stwowego Gospodarstwa &#8222;WODY POLSKIE&#8221;.<\/p>\n<p><!--more--><\/p>\n<p><a href=\"http:\/\/www.pzwnarew.pl\/wp-content\/uploads\/2022\/04\/277592986_1032846050969919_5090598104810532006_n.jpg\"><img loading=\"lazy\" decoding=\"async\" class=\"alignleft size-medium wp-image-9049\" src=\"http:\/\/www.pzwnarew.pl\/wp-content\/uploads\/2022\/04\/277592986_1032846050969919_5090598104810532006_n-300x138.jpg\" alt=\"277592986_1032846050969919_5090598104810532006_n\" width=\"300\" height=\"138\" srcset=\"https:\/\/www.pzwnarew.pl\/wp-content\/uploads\/2022\/04\/277592986_1032846050969919_5090598104810532006_n-300x138.jpg 300w, https:\/\/www.pzwnarew.pl\/wp-content\/uploads\/2022\/04\/277592986_1032846050969919_5090598104810532006_n.jpg 960w\" sizes=\"auto, (max-width: 300px) 100vw, 300px\" \/><\/a><a href=\"http:\/\/www.pzwnarew.pl\/wp-content\/uploads\/2022\/04\/277684210_686993705946936_619626126191426071_n.jpg\"><img loading=\"lazy\" decoding=\"async\" class=\"alignright size-medium wp-image-9050\" src=\"http:\/\/www.pzwnarew.pl\/wp-content\/uploads\/2022\/04\/277684210_686993705946936_619626126191426071_n-300x138.jpg\" alt=\"277684210_686993705946936_619626126191426071_n\" width=\"300\" height=\"138\" srcset=\"https:\/\/www.pzwnarew.pl\/wp-content\/uploads\/2022\/04\/277684210_686993705946936_619626126191426071_n-300x138.jpg 300w, https:\/\/www.pzwnarew.pl\/wp-content\/uploads\/2022\/04\/277684210_686993705946936_619626126191426071_n.jpg 960w\" sizes=\"auto, (max-width: 300px) 100vw, 300px\" \/><\/a><\/p>\n<p>&nbsp;<\/p>\n<p>&nbsp;<\/p>\n","protected":false},"excerpt":{"rendered":"<p>W dniu 2 kwietnia nasze ko\u0142o wsp\u00f3lnie ze\u00a0 \u00a0stra\u017cnikami z grupy SSRyb K-38 wzi\u0119\u0142o udzia\u0142 w sp\u0142ywie i sprz\u0105taniu rzeki Omulwi. Nagrody dla uczestnik\u00f3w wr\u0119czy\u0142 Prezes ko\u0142a Andrzej Raszkiewicz. Nasza \u0142\u00f3d\u017a patrolowa asystowa\u0142a i asekurowa\u0142a uczestnik\u00f3w kt\u00f3rzy p\u0142yn\u0119li wp\u0142aw nurtem Omulwi. Zn\u00f3w zebrano ogromna liczb\u0119 \u015bmieci. Impreze t\u0119 zorganizowa\u0142a ostro\u0142\u0119cka Ekomena, grupa nurk\u00f3w Podwodny Jele\u0144 , oraz pracownicy ostro\u0142\u0119ckiego\u00a0 Pa\u0144stwowego Gospodarstwa &#8222;WODY POLSKIE&#8221;.<\/p>\n","protected":false},"author":4,"featured_media":0,"comment_status":"open","ping_status":"closed","sticky":false,"template":"","format":"standard","meta":{"footnotes":""},"categories":[20],"tags":[],"class_list":["post-9047","post","type-post","status-publish","format-standard","hentry","category-newsy"],"_links":{"self":[{"href":"https:\/\/www.pzwnarew.pl\/index.php?rest_route=\/wp\/v2\/posts\/9047","targetHints":{"allow":["GET"]}}],"collection":[{"href":"https:\/\/www.pzwnarew.pl\/index.php?rest_route=\/wp\/v2\/posts"}],"about":[{"href":"https:\/\/www.pzwnarew.pl\/index.php?rest_route=\/wp\/v2\/types\/post"}],"author":[{"embeddable":true,"href":"https:\/\/www.pzwnarew.pl\/index.php?rest_route=\/wp\/v2\/users\/4"}],"replies":[{"embeddable":true,"href":"https:\/\/www.pzwnarew.pl\/index.php?rest_route=%2Fwp%2Fv2%2Fcomments&post=9047"}],"version-history":[{"count":3,"href":"https:\/\/www.pzwnarew.pl\/index.php?rest_route=\/wp\/v2\/posts\/9047\/revisions"}],"predecessor-version":[{"id":9058,"href":"https:\/\/www.pzwnarew.pl\/index.php?rest_route=\/wp\/v2\/posts\/9047\/revisions\/9058"}],"wp:attachment":[{"href":"https:\/\/www.pzwnarew.pl\/index.php?rest_route=%2Fwp%2Fv2%2Fmedia&parent=9047"}],"wp:term":[{"taxonomy":"category","embeddable":true,"href":"https:\/\/www.pzwnarew.pl\/index.php?rest_route=%2Fwp%2Fv2%2Fcategories&post=9047"},{"taxonomy":"post_tag","embeddable":true,"href":"https:\/\/www.pzwnarew.pl\/index.php?rest_route=%2Fwp%2Fv2%2Ftags&post=9047"}],"curies":[{"name":"wp","href":"https:\/\/api.w.org\/{rel}","templated":true}]}}