{"id":9011,"date":"2021-12-28T21:49:18","date_gmt":"2021-12-28T20:49:18","guid":{"rendered":"http:\/\/www.pzwnarew.pl\/?p=9011"},"modified":"2021-12-28T22:15:38","modified_gmt":"2021-12-28T21:15:38","slug":"nowy-zarzad-wybrany","status":"publish","type":"post","link":"https:\/\/www.pzwnarew.pl\/?p=9011","title":{"rendered":"Nowy zarz\u0105d wybrany !!!"},"content":{"rendered":"<p>28 grudnia w kole PZW Narew nr 38 w Ostro\u0142\u0119ce odby\u0142o si\u0119 Walne Zgromadzenie Sprawozdawczo\u2013Wyborcze\u00a0\u00a0cz\u0142onk\u00f3w. Decyzj\u0105 Zgromadzenia do w\u0142adz Zarz\u0105du ko\u0142a na okres kadencji\u00a0 2021 \u2013 2024 wybrani zostali:<\/p>\n<p>Prezes zarz\u0105du \u2013 Andrzej Raszkiewicz\u00a0<a href=\"http:\/\/www.pzwnarew.pl\/wp-content\/uploads\/2021\/12\/270100140_2062267837269267_8694477163826094079_n.jpg\"><img loading=\"lazy\" decoding=\"async\" class=\"alignright size-thumbnail wp-image-9012\" src=\"http:\/\/www.pzwnarew.pl\/wp-content\/uploads\/2021\/12\/270100140_2062267837269267_8694477163826094079_n-150x150.jpg\" alt=\"270100140_2062267837269267_8694477163826094079_n\" width=\"150\" height=\"150\" \/><\/a><\/p>\n<p>Cz\u0142onkowie zarz\u0105du- Zdzis\u0142aw Sienicki, Rafa\u0142 Wojtkowiak, Sebastian Bia\u0142czak, Andrzej Grzyb, Wojciech Krupka, J\u00f3zef Dziadak, Janusz Gumkowski, Tomasz Zi\u0119ba, Robert Gwiazdowski, Pawe\u0142 Bazyd\u0142o<\/p>\n<p>Komisja rewizyjna \u2013 Andrzej Ho\u0142dy\u0144ski (przewodnicz\u0105cy)<\/p>\n<p>Cz\u0142onkowie KR \u2013 Micha\u0142 Terlikowski oraz Adam Balcerak<\/p>\n<p>S\u0105d kole\u017ce\u0144ski \u2013 Pawe\u0142 Rukasz (przewodnicz\u0105cy)\u00a0 \u00a0 \u00a0 \u00a0 \u00a0 \u00a0 \u00a0 \u00a0 \u00a0\u00a0<!--more--><\/p>\n<p>S\u0119dziowie \u2013 Roman Balcerak, Andrzej Za\u0142\u0119ski, Grzegorz Tyszka, Pawe\u0142 Rukasz, Wojciech Wieprzykowski, Piotr Terlikowski, Jarz\u0105bek Wojciech<\/p>\n<p>Delegatem na zjazd Okr\u0119gu Mazowieckiego PZW z ramienia Ko\u0142a Narew zostali: Andrzej Raszkiewicz oraz Rafa\u0142 Wojtkowiak zast\u0119pcami delegat\u00f3w Tomasz Zi\u0119ba, Grzegorz Tyszka<\/p>\n<p>Podczas zebrania, cz\u0142onk\u00f3w ko\u0142a uhonorowano odznakami:<\/p>\n<p>Z\u0142ot\u0105 odznak\u0119 PZW za zas\u0142ugi dla w\u0119dkarstwa polskiego otrzymali Rafa\u0142 Wojtkowiak<\/p>\n<p>Br\u0105zow\u0105\u00a0odznak\u0119 PZW za zas\u0142ugi dla w\u0119dkarstwa polskiego otrzyma\u0142\u00a0Zi\u0119ba Tomasz<\/p>\n<p>Wr\u0119czono r\u00f3wnie\u017c statuetki konkursowe \u201e\u0141owcy okaz\u00f3w 2021\u2033<\/p>\n<p>Laureaci konkursu:<\/p>\n<p>Rukasz Pawe\u0142, Garbulewski Pawe\u0142, Gwiazdowski Robert, Zi\u0119ba Jan, Kobus Marcin, Jastrz\u0119bski Rafa\u0142<\/p>\n<p>W zebraniu uczestniczy\u0142 r\u00f3wnie\u017c wieloletni cz\u0142onek naszego ko\u0142a Wies\u0142aw Szczube\u0142ek dyrektor Zarz\u0105du Zlewni w Ostro\u0142\u0119ce,\u00a0\u00a0\u00a0kt\u00f3ra znajduje si\u0119 w strukturach Pa\u0144stwowego Gospodarstwa Wodnego Wody Polskie. Dyrektor na\u015bwietli\u0142 nam dzia\u0142ania jakie podejmuj\u0105 na co dzie\u0144 na naszych wodach i podzi\u0119kowa\u0142 za owocna wsp\u00f3\u0142prace z naszym ko\u0142em oraz spo\u0142eczn\u0105 stra\u017c\u0105 ryback\u0105.<\/p>\n<p>Po zako\u0144czeniu zebrania Sprawozdawczo \u2013 Wyborczego nowy zarz\u0105d ukonstytuowa\u0142 si\u0119 :<\/p>\n<p>Prezes zarz\u0105du \u2013 Andrzej Raszkiewicz<\/p>\n<p>Wiceprezes \u2013 Rafa\u0142 Wojtkowiak<\/p>\n<p>Skarbnik \u2013 Zdzis\u0142aw Siennicki<\/p>\n<p>Gospodarz \u2013 Sebastian Bia\u0142aczak<\/p>\n<p>Sekretarz \u2013 J\u00f3zef Dziadak<\/p>\n<p>Cz\u0142onkowie zarz\u0105du-\u00a0 Andrzej Grzyb, Janusz Gumkowski, Tomasz Zi\u0119ba, Robert Gwiazdowski, Pawe\u0142 Bazyd\u0142o<\/p>\n<p>Wojciech Krupka \u2013 Rzecznik Dyscyplinarny<\/p>\n<p>&nbsp;<\/p>\n<h3 class=\"LC20lb MBeuO DKV0Md\"><\/h3>\n<p>&nbsp;<\/p>\n","protected":false},"excerpt":{"rendered":"<p>28 grudnia w kole PZW Narew nr 38 w Ostro\u0142\u0119ce odby\u0142o si\u0119 Walne Zgromadzenie Sprawozdawczo\u2013Wyborcze\u00a0\u00a0cz\u0142onk\u00f3w. Decyzj\u0105 Zgromadzenia do w\u0142adz Zarz\u0105du ko\u0142a na okres kadencji\u00a0 2021 \u2013 2024 wybrani zostali: Prezes zarz\u0105du \u2013 Andrzej Raszkiewicz\u00a0 Cz\u0142onkowie zarz\u0105du- Zdzis\u0142aw Sienicki, Rafa\u0142 Wojtkowiak, Sebastian Bia\u0142czak, Andrzej Grzyb, Wojciech Krupka, J\u00f3zef Dziadak, Janusz Gumkowski, Tomasz Zi\u0119ba, Robert Gwiazdowski, Pawe\u0142 Bazyd\u0142o Komisja rewizyjna \u2013 Andrzej Ho\u0142dy\u0144ski (przewodnicz\u0105cy) Cz\u0142onkowie KR \u2013 Micha\u0142 Terlikowski oraz Adam Balcerak S\u0105d kole\u017ce\u0144ski \u2013 Pawe\u0142 Rukasz (przewodnicz\u0105cy)\u00a0 \u00a0 \u00a0 \u00a0 \u00a0&#8230;<\/p>\n<p class=\"read-more\"><a class=\"btn btn-default\" href=\"https:\/\/www.pzwnarew.pl\/?p=9011\"> Read More<span class=\"screen-reader-text\">  Read More<\/span><\/a><\/p>\n","protected":false},"author":2,"featured_media":0,"comment_status":"open","ping_status":"closed","sticky":false,"template":"","format":"standard","meta":{"footnotes":""},"categories":[20],"tags":[],"class_list":["post-9011","post","type-post","status-publish","format-standard","hentry","category-newsy"],"_links":{"self":[{"href":"https:\/\/www.pzwnarew.pl\/index.php?rest_route=\/wp\/v2\/posts\/9011","targetHints":{"allow":["GET"]}}],"collection":[{"href":"https:\/\/www.pzwnarew.pl\/index.php?rest_route=\/wp\/v2\/posts"}],"about":[{"href":"https:\/\/www.pzwnarew.pl\/index.php?rest_route=\/wp\/v2\/types\/post"}],"author":[{"embeddable":true,"href":"https:\/\/www.pzwnarew.pl\/index.php?rest_route=\/wp\/v2\/users\/2"}],"replies":[{"embeddable":true,"href":"https:\/\/www.pzwnarew.pl\/index.php?rest_route=%2Fwp%2Fv2%2Fcomments&post=9011"}],"version-history":[{"count":7,"href":"https:\/\/www.pzwnarew.pl\/index.php?rest_route=\/wp\/v2\/posts\/9011\/revisions"}],"predecessor-version":[{"id":9014,"href":"https:\/\/www.pzwnarew.pl\/index.php?rest_route=\/wp\/v2\/posts\/9011\/revisions\/9014"}],"wp:attachment":[{"href":"https:\/\/www.pzwnarew.pl\/index.php?rest_route=%2Fwp%2Fv2%2Fmedia&parent=9011"}],"wp:term":[{"taxonomy":"category","embeddable":true,"href":"https:\/\/www.pzwnarew.pl\/index.php?rest_route=%2Fwp%2Fv2%2Fcategories&post=9011"},{"taxonomy":"post_tag","embeddable":true,"href":"https:\/\/www.pzwnarew.pl\/index.php?rest_route=%2Fwp%2Fv2%2Ftags&post=9011"}],"curies":[{"name":"wp","href":"https:\/\/api.w.org\/{rel}","templated":true}]}}