{"id":898,"date":"2008-05-27T22:32:47","date_gmt":"2008-05-27T21:32:47","guid":{"rendered":"http:\/\/www.ostroleka.com.pl\/pzw-narew38\/?p=898"},"modified":"2015-03-13T22:54:02","modified_gmt":"2015-03-13T21:54:02","slug":"sieci-w-bialy-dzien","status":"publish","type":"post","link":"https:\/\/www.pzwnarew.pl\/?p=898","title":{"rendered":"SIECI W BIA\u0141Y DZIE\u0143 !!!"},"content":{"rendered":"<p><strong><a href=\"http:\/\/www.ostroleka.com.pl\/pzw-narew38\/wp-content\/uploads\/2011\/03\/straz_004.jpg\"><img loading=\"lazy\" decoding=\"async\" class=\"alignleft wp-image-899 size-thumbnail\" title=\"SANYO DIGITAL CAMERA\" src=\"http:\/\/www.pzwnarew.pl\/wp-content\/uploads\/2011\/03\/straz_004-150x150.jpg\" alt=\"\" width=\"150\" height=\"150\" \/><\/a>Ju\u017c nie po raz pierwszy okazuje si\u0119, \u017ce &#8222;pod latarni\u0105 najciemniej&#8221;.<\/strong><\/p>\n<p>W dniu dzisiejszym, w pi\u0119kne s\u0142oneczne popo\u0142udnie 27 maja na jednym z podmiejskich starorzeczy zdj\u0119li\u015bmy z wody kolejne 100 metr\u00f3w sieci k\u0142usowniczych. Zastanawiaj\u0105cym jest fakt, \u017ce nieopodal w\u0119dkowa\u0142o kilku, miejmy nadziej\u0119 nie\u015bwiadomych, wedkarzy. Pas\u0142y si\u0119 kr\u00f3wki, a przy nich przechadzali si\u0119 gospodarze. Gromadka dzieci bawi\u0142a si\u0119 na pobliskiej \u0142\u0105ce. Jednym s\u0142owem jedna pi\u0119kna sielanka.<br \/>\n<!--more-->A tym czasem, w tym o to miejscu odbywa si\u0119 jawne przest\u0119pstwo &#8211; nielegalny po\u0142\u00f3w ryb przy u\u017cyciu sieci przez osoby nieuprawnione.<\/p>\n<p>Po zabezpieczeniu sieci udali\u015bmy si\u0119 z Markiem na dalsz\u0105 kontrol\u0119.<\/p>\n<p>W sumie przetra\u0142owali\u015bmy kotwi\u0105 kilka \u0142adnych kilometr\u00f3w. Opr\u00f3cz wspomnianych sieci, jak zawsze, przytaszczyli\u015bmy do bazy dwa du\u017ce wory \u015bmieci, kt\u00f3re zebrali\u015bmy nad brzegami Narwi.<\/p>\n<p style=\"text-align: right;\">wu-szu<\/p>\n","protected":false},"excerpt":{"rendered":"<p>Ju\u017c nie po raz pierwszy okazuje si\u0119, \u017ce &#8222;pod latarni\u0105 najciemniej&#8221;. W dniu dzisiejszym, w pi\u0119kne s\u0142oneczne popo\u0142udnie 27 maja na jednym z podmiejskich starorzeczy zdj\u0119li\u015bmy z wody kolejne 100 metr\u00f3w sieci k\u0142usowniczych. Zastanawiaj\u0105cym jest fakt, \u017ce nieopodal w\u0119dkowa\u0142o kilku, miejmy nadziej\u0119 nie\u015bwiadomych, wedkarzy. Pas\u0142y si\u0119 kr\u00f3wki, a przy nich przechadzali si\u0119 gospodarze. Gromadka dzieci bawi\u0142a si\u0119 na pobliskiej \u0142\u0105ce. Jednym s\u0142owem jedna pi\u0119kna sielanka.<\/p>\n","protected":false},"author":1,"featured_media":0,"comment_status":"closed","ping_status":"closed","sticky":false,"template":"","format":"standard","meta":{"footnotes":""},"categories":[20,24],"tags":[],"class_list":["post-898","post","type-post","status-publish","format-standard","hentry","category-newsy","category-ochrona-wod"],"_links":{"self":[{"href":"https:\/\/www.pzwnarew.pl\/index.php?rest_route=\/wp\/v2\/posts\/898","targetHints":{"allow":["GET"]}}],"collection":[{"href":"https:\/\/www.pzwnarew.pl\/index.php?rest_route=\/wp\/v2\/posts"}],"about":[{"href":"https:\/\/www.pzwnarew.pl\/index.php?rest_route=\/wp\/v2\/types\/post"}],"author":[{"embeddable":true,"href":"https:\/\/www.pzwnarew.pl\/index.php?rest_route=\/wp\/v2\/users\/1"}],"replies":[{"embeddable":true,"href":"https:\/\/www.pzwnarew.pl\/index.php?rest_route=%2Fwp%2Fv2%2Fcomments&post=898"}],"version-history":[{"count":4,"href":"https:\/\/www.pzwnarew.pl\/index.php?rest_route=\/wp\/v2\/posts\/898\/revisions"}],"predecessor-version":[{"id":5991,"href":"https:\/\/www.pzwnarew.pl\/index.php?rest_route=\/wp\/v2\/posts\/898\/revisions\/5991"}],"wp:attachment":[{"href":"https:\/\/www.pzwnarew.pl\/index.php?rest_route=%2Fwp%2Fv2%2Fmedia&parent=898"}],"wp:term":[{"taxonomy":"category","embeddable":true,"href":"https:\/\/www.pzwnarew.pl\/index.php?rest_route=%2Fwp%2Fv2%2Fcategories&post=898"},{"taxonomy":"post_tag","embeddable":true,"href":"https:\/\/www.pzwnarew.pl\/index.php?rest_route=%2Fwp%2Fv2%2Ftags&post=898"}],"curies":[{"name":"wp","href":"https:\/\/api.w.org\/{rel}","templated":true}]}}