{"id":892,"date":"2008-12-30T22:26:32","date_gmt":"2008-12-30T21:26:32","guid":{"rendered":"http:\/\/www.ostroleka.com.pl\/pzw-narew38\/?p=892"},"modified":"2015-03-13T22:53:46","modified_gmt":"2015-03-13T21:53:46","slug":"noworoczne-spotkanie-straznikow-rybackich","status":"publish","type":"post","link":"https:\/\/www.pzwnarew.pl\/?p=892","title":{"rendered":"NOWOROCZNE SPOTKANIE STRA\u017bNIK\u00d3W RYBACKICH"},"content":{"rendered":"<p><strong><a href=\"http:\/\/www.ostroleka.com.pl\/pzw-narew38\/wp-content\/uploads\/2011\/03\/straz_002.jpg\"><img loading=\"lazy\" decoding=\"async\" class=\"alignleft wp-image-893 size-thumbnail\" title=\"straz_002\" src=\"http:\/\/www.pzwnarew.pl\/wp-content\/uploads\/2011\/03\/straz_002-150x150.jpg\" alt=\"\" width=\"150\" height=\"150\" \/><\/a>Ostatni dzie\u0144 roku, to dzie\u0144 w kt\u00f3rym spotykaj\u0105 si\u0119 Stra\u017cnicy Rybaccy aby z\u0142o\u017cy\u0107 sobie \u017cyczenia noworoczne.<\/strong><\/p>\n<p>Spotkania odbywaj\u0105 si\u0119 ju\u017c od 10 lat i zawsze maj\u0105 miejsce nad rzek\u0105, w miejscu sk\u0105d wyp\u0142ywaj\u0105 na wod\u0119 i odbywaj\u0105 si\u0119 bez wzgl\u0119du na warunki atmosferyczne. Tradycj\u0119 te zapocz\u0105tkowa\u0142 b. Komendant Spo\u0142ecznej Stra\u017cy Rybackiej &#8211; Prezes naszego Ko\u0142a.<!--more--><br \/>\nW tym roku Wies\u0142aw Szczube\u0142ek, tym razem przy wyj\u0105tkowo pi\u0119knej aurze, opr\u00f3cz \u017cycze\u0144 tradycyjnych, \u017cyczy\u0142 Stra\u017cnikom z Grupy SSRyb przy Kole PZW &#8222;Narew&#8221; tego co najwa\u017cniejsze &#8222;&#8230; tylu szcz\u0119\u015bliwych powrot\u00f3w z rzeki &#8211; ile wyp\u0142yni\u0119\u0107 na ni\u0105&#8230;&#8221;<br \/>\nDo \u017cycze\u0144 dla Stra\u017cnik\u00f3w do\u0142\u0105czyli si\u0119 Wiceprezes Zarz\u0105du OM PZW Stanis\u0142aw Pliszka oraz Komendant Posterunku PSR Ryszard \u0141ozi\u0144ski.<\/p>\n<p><a href=\"http:\/\/www.ostroleka.com.pl\/pzw-narew38\/wp-content\/uploads\/2011\/03\/straz_003.jpg\"><img loading=\"lazy\" decoding=\"async\" class=\"alignleft wp-image-894 size-thumbnail\" title=\"straz_003\" src=\"http:\/\/www.pzwnarew.pl\/wp-content\/uploads\/2011\/03\/straz_003-150x150.jpg\" alt=\"\" width=\"150\" height=\"150\" \/><\/a>Stra\u017cnicy, ko\u0144cz\u0105cy si\u0119 2008 rok ocenili jako rok wyj\u0105tkowo trudny, ale zarazem pomy\u015blny. Dzi\u0119ki przychylno\u015bci i zrozumieniu W\u0142adz Okr\u0119gu Mazowieckiego PZW oraz W\u0142adz Miasta Ostro\u0142\u0119ki uda\u0142o si\u0119 pozyska\u0107 stosowne \u015brodki finansowe, kt\u00f3re pozwoli\u0142y zorganizowa\u0107 ponad 80 r\u00f3\u017cnego rodzaju akcji przeciw-k\u0142usowniczych i prewencyjnych, w wyniku kt\u00f3rych m.in. zabezpieczono oko\u0142o 900 mb k\u0142usowniczych sieci rybackich. Do dalszej, spo\u0142ecznej dzia\u0142alno\u015bci na rzecz ochrony w\u00f3d zach\u0119caj\u0105 dodatkowo dobre relacje z W\u0142adzami PZW w Warszawie oraz Biurem w Ostro\u0142\u0119ce.<\/p>\n<p>Dow\u00f3dca Grupy &#8211; Marcin \u015alepski, podkre\u015bli\u0142 wyj\u0105tkowo dobr\u0105 i kole\u017ce\u0144sk\u0105 atmosfer\u0119 w Grupie SSR &#8222;Narew&#8221;. Stwierdzi\u0142, \u017ce wzajemna pomoc oraz \u017cyczliwo\u015b\u0107, a tak\u017ce dyspozycyjno\u015b\u0107 i zaanga\u017cowanie naszych koleg\u00f3w &#8211; to g\u0142\u00f3wne atuty Grupy SSRyb, kt\u00f3re nie do\u015b\u0107, \u017ce pozwalaj\u0105 osi\u0105ga\u0107 dobre wyniki, to skutecznie niweluj\u0105 z\u0142o\u015bliwe i nieuzasadnione zaczepki niekt\u00f3rych pseudodzia\u0142aczy.<\/p>\n<p>Wszyscy jednomy\u015blnie uznali, \u017ce w\u0142a\u015bnie taki styl dzia\u0142alno\u015bci b\u0119dzie preferowany w 2009 roku i latach nast\u0119pnych. Po prostu. Dzia\u0142alno\u015b\u0107 na rzecz ochrony w\u00f3d, czyli realizacja g\u0142\u00f3wnego zadania statutowego i nie reagowanie na z\u0142o\u015bliwo\u015bci innych.<\/p>\n<p>Na zako\u0144czenie spotkania wzniesiono toast noworoczny symboliczn\u0105 lampk\u0105 szampana.<\/p>\n<p style=\"text-align: right;\">andraszka<\/p>\n","protected":false},"excerpt":{"rendered":"<p>Ostatni dzie\u0144 roku, to dzie\u0144 w kt\u00f3rym spotykaj\u0105 si\u0119 Stra\u017cnicy Rybaccy aby z\u0142o\u017cy\u0107 sobie \u017cyczenia noworoczne. Spotkania odbywaj\u0105 si\u0119 ju\u017c od 10 lat i zawsze maj\u0105 miejsce nad rzek\u0105, w miejscu sk\u0105d wyp\u0142ywaj\u0105 na wod\u0119 i odbywaj\u0105 si\u0119 bez wzgl\u0119du na warunki atmosferyczne. Tradycj\u0119 te zapocz\u0105tkowa\u0142 b. Komendant Spo\u0142ecznej Stra\u017cy Rybackiej &#8211; Prezes naszego Ko\u0142a.<\/p>\n","protected":false},"author":1,"featured_media":0,"comment_status":"closed","ping_status":"closed","sticky":false,"template":"","format":"standard","meta":{"footnotes":""},"categories":[20,24],"tags":[],"class_list":["post-892","post","type-post","status-publish","format-standard","hentry","category-newsy","category-ochrona-wod"],"_links":{"self":[{"href":"https:\/\/www.pzwnarew.pl\/index.php?rest_route=\/wp\/v2\/posts\/892","targetHints":{"allow":["GET"]}}],"collection":[{"href":"https:\/\/www.pzwnarew.pl\/index.php?rest_route=\/wp\/v2\/posts"}],"about":[{"href":"https:\/\/www.pzwnarew.pl\/index.php?rest_route=\/wp\/v2\/types\/post"}],"author":[{"embeddable":true,"href":"https:\/\/www.pzwnarew.pl\/index.php?rest_route=\/wp\/v2\/users\/1"}],"replies":[{"embeddable":true,"href":"https:\/\/www.pzwnarew.pl\/index.php?rest_route=%2Fwp%2Fv2%2Fcomments&post=892"}],"version-history":[{"count":3,"href":"https:\/\/www.pzwnarew.pl\/index.php?rest_route=\/wp\/v2\/posts\/892\/revisions"}],"predecessor-version":[{"id":5990,"href":"https:\/\/www.pzwnarew.pl\/index.php?rest_route=\/wp\/v2\/posts\/892\/revisions\/5990"}],"wp:attachment":[{"href":"https:\/\/www.pzwnarew.pl\/index.php?rest_route=%2Fwp%2Fv2%2Fmedia&parent=892"}],"wp:term":[{"taxonomy":"category","embeddable":true,"href":"https:\/\/www.pzwnarew.pl\/index.php?rest_route=%2Fwp%2Fv2%2Fcategories&post=892"},{"taxonomy":"post_tag","embeddable":true,"href":"https:\/\/www.pzwnarew.pl\/index.php?rest_route=%2Fwp%2Fv2%2Ftags&post=892"}],"curies":[{"name":"wp","href":"https:\/\/api.w.org\/{rel}","templated":true}]}}