{"id":875,"date":"2009-12-20T21:49:20","date_gmt":"2009-12-20T20:49:20","guid":{"rendered":"http:\/\/www.ostroleka.com.pl\/pzw-narew38\/?p=875"},"modified":"2011-03-20T21:54:56","modified_gmt":"2011-03-20T20:54:56","slug":"na-wigilii-u-wedkarzy-%e2%80%a6-2009","status":"publish","type":"post","link":"https:\/\/www.pzwnarew.pl\/?p=875","title":{"rendered":"NA WIGILII U W\u0118DKARZY \u2026 2009"},"content":{"rendered":"<p><strong><a href=\"http:\/\/www.ostroleka.com.pl\/pzw-narew38\/wp-content\/uploads\/2011\/03\/wigilia_011.jpg\"><img loading=\"lazy\" decoding=\"async\" class=\"alignleft size-thumbnail wp-image-876\" title=\"wigilia\" src=\"http:\/\/www.ostroleka.com.pl\/pzw-narew38\/wp-content\/uploads\/2011\/03\/wigilia_011-150x150.jpg\" alt=\"\" width=\"150\" height=\"150\" \/><\/a>Tegoroczna wigilia w\u0119dkarska w Kole &#8222;Narew&#8221; mia\u0142a szczeg\u00f3lna opraw\u0119. Go\u015b\u0107mi na naszej wigilii byli w\u0142odarze miasta i samorz\u0105dowcy.<\/strong><\/p>\n<p>Prezes Szczube\u0142ek zaprosi\u0142 na wigili\u0119 Prezydenta Ostro\u0142\u0119ki Janusza Kotowskiego, Przewodnicz\u0105cego RM Dariusza Maciaka, Przewodnicz\u0105cego Komisji ds. Sportu i Turystyki Marka Gogulskiego, Przewodnicz\u0105cego Komisji Prawa Wies\u0142awa Stypi\u0144skiego oraz Radnego Dariusza Bralskiego.<!--more--><\/p>\n<p><a href=\"http:\/\/www.ostroleka.com.pl\/pzw-narew38\/wp-content\/uploads\/2011\/03\/wigilia_021.jpg\"><img loading=\"lazy\" decoding=\"async\" class=\"alignleft size-thumbnail wp-image-877\" title=\"wigilia\" src=\"http:\/\/www.ostroleka.com.pl\/pzw-narew38\/wp-content\/uploads\/2011\/03\/wigilia_021-150x150.jpg\" alt=\"\" width=\"150\" height=\"150\" \/><\/a>Zaproszeni go\u015bcie pierwszy raz uczestniczyli w wigilii ostro\u0142\u0119ckich w\u0119dkarzy i byli zaskoczeni \u015bwi\u0105teczn\u0105 atmosfer\u0105 oraz rang\u0105 tej uroczystej kolacji cyklicznie ju\u017c organizowanej przez Ko\u0142o &#8222;Narew&#8221;.<\/p>\n<p>Prezes Ko\u0142a Wies\u0142aw Szczube\u0142ek dzi\u0119kowa\u0142 go\u015bciom nie tylko za przybycie ale za tworzenie dobrej atmosfery we wsp\u00f3\u0142pracy naszego ko\u0142a z Urz\u0119dem Miejskim w Ostro\u0142\u0119ce.<br \/>\nDobre relacje z Lokalnym Samorz\u0105dem to klucz do rozwoju Ko\u0142a PZW &#8222;Narew&#8221;, kt\u00f3re jak wiele k\u00f3\u0142 z Okr\u0119gu Mazowieckiego PZW nie jest &#8222;zielone&#8221; na tym polu dzia\u0142ania.<br \/>\nPrezes z\u0142o\u017cy\u0142 serdeczne w\u0119dkarskie i \u015bwi\u0105teczne \u017cyczenia i zaprosi\u0142 wszystkich mi\u0142ych go\u015bci do w\u0119dkowania w przysz\u0142ym roku.<\/p>\n<p><a href=\"http:\/\/www.ostroleka.com.pl\/pzw-narew38\/wp-content\/uploads\/2011\/03\/wigilia_031.jpg\"><img loading=\"lazy\" decoding=\"async\" class=\"alignleft size-thumbnail wp-image-878\" title=\"wigilia\" src=\"http:\/\/www.ostroleka.com.pl\/pzw-narew38\/wp-content\/uploads\/2011\/03\/wigilia_031-150x150.jpg\" alt=\"\" width=\"150\" height=\"150\" \/><\/a><a href=\"http:\/\/www.ostroleka.com.pl\/pzw-narew38\/wp-content\/uploads\/2011\/03\/wigilia_04.jpg\"><img loading=\"lazy\" decoding=\"async\" class=\"alignright size-thumbnail wp-image-879\" title=\"SONY DSC\" src=\"http:\/\/www.ostroleka.com.pl\/pzw-narew38\/wp-content\/uploads\/2011\/03\/wigilia_04-150x150.jpg\" alt=\"\" width=\"150\" height=\"150\" \/><\/a>Prezydent Kotowski opr\u00f3cz \u015bwi\u0105tecznych \u017cycze\u0144 wyrazi\u0142 dalsza dobra wol\u0119 do wsp\u00f3\u0142pracy z w\u0119dkarzami , kt\u00f3rzy swoim dzia\u0142aniem &#8221; nie tylko w\u0119dkowaniem&#8221; przynosz\u0105 korzy\u015bci dla naszej ostro\u0142\u0119ckiej ojczyzny.<br \/>\nPrezydent Janusz Kotowski wr\u0119czy\u0142 tak\u017ce puchary laureatom konkursu &#8222;\u0141owcy Okaz\u00f3w&#8221;.<br \/>\nZwyci\u0119zcy byli mile zaskoczeni , \u017ce ostatni konkurs w\u0119dkarski zyska\u0142 na oprawie dzi\u0119ki Prezydentowi Ostro\u0142\u0119ki.<\/p>\n<p>Wszyscy Uczestnicy Wigilii W\u0119dkarskiej Sk\u0142adaj\u0105 \u015awi\u0105teczne Bo\u017conarodzeniowe i Noworoczne \u017byczenia<br \/>\nRybnego Nowego Roku.<\/p>\n<p>Dzi\u0119kujemy restauracji &#8222;Trzy Gwiazdki&#8221; za doskona\u0142\u0105 kulinarn\u0105 opraw\u0119 wieczoru.<\/p>\n<p style=\"text-align: right;\">Z w\u0119dkarskim pozdrowieniem<br \/>\nandraszoka<\/p>\n<p style=\"text-align: center;\"><a href=\"http:\/\/www.ostroleka.com.pl\/gallery_pzw\/thumbnails.php?album=64\" target=\"_blank\">Wi\u0119cej zdj\u0119\u0107 z Wigilii w galerii PZW &#8222;Narew&#8221; &gt;&gt;<\/a><\/p>\n","protected":false},"excerpt":{"rendered":"<p>Tegoroczna wigilia w\u0119dkarska w Kole &#8222;Narew&#8221; mia\u0142a szczeg\u00f3lna opraw\u0119. Go\u015b\u0107mi na naszej wigilii byli w\u0142odarze miasta i samorz\u0105dowcy. Prezes Szczube\u0142ek zaprosi\u0142 na wigili\u0119 Prezydenta Ostro\u0142\u0119ki Janusza Kotowskiego, Przewodnicz\u0105cego RM Dariusza Maciaka, Przewodnicz\u0105cego Komisji ds. Sportu i Turystyki Marka Gogulskiego, Przewodnicz\u0105cego Komisji Prawa Wies\u0142awa Stypi\u0144skiego oraz Radnego Dariusza Bralskiego.<\/p>\n","protected":false},"author":1,"featured_media":0,"comment_status":"closed","ping_status":"closed","sticky":false,"template":"","format":"standard","meta":{"footnotes":""},"categories":[20],"tags":[],"class_list":["post-875","post","type-post","status-publish","format-standard","hentry","category-newsy"],"_links":{"self":[{"href":"https:\/\/www.pzwnarew.pl\/index.php?rest_route=\/wp\/v2\/posts\/875","targetHints":{"allow":["GET"]}}],"collection":[{"href":"https:\/\/www.pzwnarew.pl\/index.php?rest_route=\/wp\/v2\/posts"}],"about":[{"href":"https:\/\/www.pzwnarew.pl\/index.php?rest_route=\/wp\/v2\/types\/post"}],"author":[{"embeddable":true,"href":"https:\/\/www.pzwnarew.pl\/index.php?rest_route=\/wp\/v2\/users\/1"}],"replies":[{"embeddable":true,"href":"https:\/\/www.pzwnarew.pl\/index.php?rest_route=%2Fwp%2Fv2%2Fcomments&post=875"}],"version-history":[{"count":4,"href":"https:\/\/www.pzwnarew.pl\/index.php?rest_route=\/wp\/v2\/posts\/875\/revisions"}],"predecessor-version":[{"id":881,"href":"https:\/\/www.pzwnarew.pl\/index.php?rest_route=\/wp\/v2\/posts\/875\/revisions\/881"}],"wp:attachment":[{"href":"https:\/\/www.pzwnarew.pl\/index.php?rest_route=%2Fwp%2Fv2%2Fmedia&parent=875"}],"wp:term":[{"taxonomy":"category","embeddable":true,"href":"https:\/\/www.pzwnarew.pl\/index.php?rest_route=%2Fwp%2Fv2%2Fcategories&post=875"},{"taxonomy":"post_tag","embeddable":true,"href":"https:\/\/www.pzwnarew.pl\/index.php?rest_route=%2Fwp%2Fv2%2Ftags&post=875"}],"curies":[{"name":"wp","href":"https:\/\/api.w.org\/{rel}","templated":true}]}}