{"id":869,"date":"2009-12-31T21:38:45","date_gmt":"2009-12-31T20:38:45","guid":{"rendered":"http:\/\/www.ostroleka.com.pl\/pzw-narew38\/?p=869"},"modified":"2015-03-13T22:52:56","modified_gmt":"2015-03-13T21:52:56","slug":"straznicze-spotkania","status":"publish","type":"post","link":"https:\/\/www.pzwnarew.pl\/?p=869","title":{"rendered":"STRA\u017bNICZE SPOTKANIA"},"content":{"rendered":"<p><strong><a href=\"http:\/\/www.ostroleka.com.pl\/pzw-narew38\/wp-content\/uploads\/2011\/03\/straz_01.jpg\"><img loading=\"lazy\" decoding=\"async\" class=\"alignleft wp-image-870 size-thumbnail\" title=\"straz_01\" src=\"http:\/\/www.pzwnarew.pl\/wp-content\/uploads\/2011\/03\/straz_01-150x150.jpg\" alt=\"\" width=\"150\" height=\"150\" \/><\/a><span style=\"color: #808000;\">Jak co roku w ostatni dzie\u0144 grudnia spotkali si\u0119 spo\u0142eczni stra\u017cnicy Stra\u017cy Rybackiej przy Kole PZW &#8222;Narew&#8221; w Ostro\u0142\u0119ce aby podsumowa\u0107 mijaj\u0105cy rok i \u017cyczy\u0107 sobie lepszego Nowego Roku.<\/span><\/strong><\/p>\n<p>W spotkaniu uczestniczy\u0142 Kierownik Posterunku PSRyb. Ryszard \u0141ozi\u0144ski oraz stra\u017cnik Zbigniew Wysocki.<\/p>\n<p>Prezes Ko\u0142a Wies\u0142aw Szczube\u0142ek od dawien dawna zaanga\u017cowany w Spo\u0142eczn\u0105 Stra\u017c (by\u0142y Komendant Wojew\u00f3dzki i Powiatowy SSRyb.) \u017cyczy\u0142 wszystkim stra\u017cnikom nie zmniejszonej ch\u0119ci do walki z k\u0142usownictwem wodnym, oraz co najwa\u017cniejsze, tylu powrot\u00f3w ilu wyp\u0142yni\u0119\u0107.<!--more--><\/p>\n<p><a href=\"http:\/\/www.ostroleka.com.pl\/pzw-narew38\/wp-content\/uploads\/2011\/03\/straz_02.jpg\"><img loading=\"lazy\" decoding=\"async\" class=\"alignleft wp-image-871 size-thumbnail\" title=\"straz_02\" src=\"http:\/\/www.pzwnarew.pl\/wp-content\/uploads\/2011\/03\/straz_02-150x150.jpg\" alt=\"\" width=\"150\" height=\"150\" \/><\/a>Ryszard \u0141ozi\u0144ski potwierdzi\u0142, \u017ce usprz\u0119towienie Pa\u0144stwowej Stra\u017cy Rybackiej pozwoli utrzyma\u0107 poziom bezpiecze\u0144stwa na naszymi wodami oraz zapewni\u0142 o ch\u0119ci dalszej wsp\u00f3\u0142pracy na wodzie we wsp\u00f3lnych patrolach przeciw k\u0142usowniczych na Narwi i jej dop\u0142ywach.<\/p>\n<p style=\"text-align: right;\">Wszystkiego Najlepszego Wszystkim Stra\u017cnikom<br \/>\nw Nowym 2010 roku<\/p>\n","protected":false},"excerpt":{"rendered":"<p>Jak co roku w ostatni dzie\u0144 grudnia spotkali si\u0119 spo\u0142eczni stra\u017cnicy Stra\u017cy Rybackiej przy Kole PZW &#8222;Narew&#8221; w Ostro\u0142\u0119ce aby podsumowa\u0107 mijaj\u0105cy rok i \u017cyczy\u0107 sobie lepszego Nowego Roku. W spotkaniu uczestniczy\u0142 Kierownik Posterunku PSRyb. Ryszard \u0141ozi\u0144ski oraz stra\u017cnik Zbigniew Wysocki. Prezes Ko\u0142a Wies\u0142aw Szczube\u0142ek od dawien dawna zaanga\u017cowany w Spo\u0142eczn\u0105 Stra\u017c (by\u0142y Komendant Wojew\u00f3dzki i Powiatowy SSRyb.) \u017cyczy\u0142 wszystkim stra\u017cnikom nie zmniejszonej ch\u0119ci do walki z k\u0142usownictwem wodnym, oraz co najwa\u017cniejsze, tylu powrot\u00f3w ilu wyp\u0142yni\u0119\u0107.<\/p>\n","protected":false},"author":1,"featured_media":0,"comment_status":"closed","ping_status":"closed","sticky":false,"template":"","format":"standard","meta":{"footnotes":""},"categories":[20,24],"tags":[],"class_list":["post-869","post","type-post","status-publish","format-standard","hentry","category-newsy","category-ochrona-wod"],"_links":{"self":[{"href":"https:\/\/www.pzwnarew.pl\/index.php?rest_route=\/wp\/v2\/posts\/869","targetHints":{"allow":["GET"]}}],"collection":[{"href":"https:\/\/www.pzwnarew.pl\/index.php?rest_route=\/wp\/v2\/posts"}],"about":[{"href":"https:\/\/www.pzwnarew.pl\/index.php?rest_route=\/wp\/v2\/types\/post"}],"author":[{"embeddable":true,"href":"https:\/\/www.pzwnarew.pl\/index.php?rest_route=\/wp\/v2\/users\/1"}],"replies":[{"embeddable":true,"href":"https:\/\/www.pzwnarew.pl\/index.php?rest_route=%2Fwp%2Fv2%2Fcomments&post=869"}],"version-history":[{"count":8,"href":"https:\/\/www.pzwnarew.pl\/index.php?rest_route=\/wp\/v2\/posts\/869\/revisions"}],"predecessor-version":[{"id":5988,"href":"https:\/\/www.pzwnarew.pl\/index.php?rest_route=\/wp\/v2\/posts\/869\/revisions\/5988"}],"wp:attachment":[{"href":"https:\/\/www.pzwnarew.pl\/index.php?rest_route=%2Fwp%2Fv2%2Fmedia&parent=869"}],"wp:term":[{"taxonomy":"category","embeddable":true,"href":"https:\/\/www.pzwnarew.pl\/index.php?rest_route=%2Fwp%2Fv2%2Fcategories&post=869"},{"taxonomy":"post_tag","embeddable":true,"href":"https:\/\/www.pzwnarew.pl\/index.php?rest_route=%2Fwp%2Fv2%2Ftags&post=869"}],"curies":[{"name":"wp","href":"https:\/\/api.w.org\/{rel}","templated":true}]}}