{"id":8635,"date":"2020-03-01T12:37:09","date_gmt":"2020-03-01T11:37:09","guid":{"rendered":"http:\/\/www.pzwnarew.pl\/?p=8635"},"modified":"2020-03-01T12:46:29","modified_gmt":"2020-03-01T11:46:29","slug":"zebranie-sprawozdawcze-za-2019-rok","status":"publish","type":"post","link":"https:\/\/www.pzwnarew.pl\/?p=8635","title":{"rendered":"Zebranie sprawozdawcze za 2019 rok"},"content":{"rendered":"<p>W dniu 1 marca cz\u0142onkowie ko\u0142a Narew 38 spotkali si\u0119 na zebraniu sprawozdawczym za rok 2019 .Go\u015bciem by\u0142 Dyrektor Zlewni W\u00f3d Polskich Wies\u0142aw Szczube\u0142ek, cz\u0142onek Zarz\u0105du Powiatu ostro\u0142\u0119ckiego Andrzej Grzyb oraz Komendant Posterunku PSR w Ostro\u0142\u0119ce Rafa\u0142 Wojtkowiak.W trakcie obrad rozliczono zarz\u0105d ko\u0142a z dzia\u0142alno\u015bci za rok 2019 oraz wytyczono i nakre\u015blono plan dzia\u0142ania na 2020 rok.Odznaczono Z\u0142ot\u0105 Odznak\u0105 PZW J\u00f3zefa Dziadak oraz br\u0105zow\u0105 Romana Balceraka, Roberta Gwiazdowskiego i Paw\u0142a Rukasza. Mamy nadziej\u0119 \u017ce rok 2020 b\u0119dzie to\u00a0 udany sezon w\u0119dkarski i organizacyjny pomimo niepokoj\u0105cego stanu wody Narwi i dop\u0142yw\u00f3w.<\/p>\n<p><a href=\"http:\/\/www.pzwnarew.pl\/gallery_pzw\/thumbnails.php?album=281\"><img loading=\"lazy\" decoding=\"async\" class=\"aligncenter size-full wp-image-4190\" src=\"http:\/\/www.pzwnarew.pl\/wp-content\/uploads\/2013\/04\/play-galeria.jpg\" alt=\"play galeria\" width=\"342\" height=\"213\" srcset=\"https:\/\/www.pzwnarew.pl\/wp-content\/uploads\/2013\/04\/play-galeria.jpg 342w, https:\/\/www.pzwnarew.pl\/wp-content\/uploads\/2013\/04\/play-galeria-300x186.jpg 300w\" sizes=\"auto, (max-width: 342px) 100vw, 342px\" \/><\/a><\/p>\n","protected":false},"excerpt":{"rendered":"<p>W dniu 1 marca cz\u0142onkowie ko\u0142a Narew 38 spotkali si\u0119 na zebraniu sprawozdawczym za rok 2019 .Go\u015bciem by\u0142 Dyrektor Zlewni W\u00f3d Polskich Wies\u0142aw Szczube\u0142ek, cz\u0142onek Zarz\u0105du Powiatu ostro\u0142\u0119ckiego Andrzej Grzyb oraz Komendant Posterunku PSR w Ostro\u0142\u0119ce Rafa\u0142 Wojtkowiak.W trakcie obrad rozliczono zarz\u0105d ko\u0142a z dzia\u0142alno\u015bci za rok 2019 oraz wytyczono i nakre\u015blono plan dzia\u0142ania na 2020 rok.Odznaczono Z\u0142ot\u0105 Odznak\u0105 PZW J\u00f3zefa Dziadak oraz br\u0105zow\u0105 Romana Balceraka, Roberta Gwiazdowskiego i Paw\u0142a Rukasza. Mamy nadziej\u0119 \u017ce rok 2020 b\u0119dzie to\u00a0 udany sezon&#8230;<\/p>\n<p class=\"read-more\"><a class=\"btn btn-default\" href=\"https:\/\/www.pzwnarew.pl\/?p=8635\"> Read More<span class=\"screen-reader-text\">  Read More<\/span><\/a><\/p>\n","protected":false},"author":4,"featured_media":0,"comment_status":"open","ping_status":"closed","sticky":false,"template":"","format":"standard","meta":{"footnotes":""},"categories":[20],"tags":[],"class_list":["post-8635","post","type-post","status-publish","format-standard","hentry","category-newsy"],"_links":{"self":[{"href":"https:\/\/www.pzwnarew.pl\/index.php?rest_route=\/wp\/v2\/posts\/8635","targetHints":{"allow":["GET"]}}],"collection":[{"href":"https:\/\/www.pzwnarew.pl\/index.php?rest_route=\/wp\/v2\/posts"}],"about":[{"href":"https:\/\/www.pzwnarew.pl\/index.php?rest_route=\/wp\/v2\/types\/post"}],"author":[{"embeddable":true,"href":"https:\/\/www.pzwnarew.pl\/index.php?rest_route=\/wp\/v2\/users\/4"}],"replies":[{"embeddable":true,"href":"https:\/\/www.pzwnarew.pl\/index.php?rest_route=%2Fwp%2Fv2%2Fcomments&post=8635"}],"version-history":[{"count":7,"href":"https:\/\/www.pzwnarew.pl\/index.php?rest_route=\/wp\/v2\/posts\/8635\/revisions"}],"predecessor-version":[{"id":8643,"href":"https:\/\/www.pzwnarew.pl\/index.php?rest_route=\/wp\/v2\/posts\/8635\/revisions\/8643"}],"wp:attachment":[{"href":"https:\/\/www.pzwnarew.pl\/index.php?rest_route=%2Fwp%2Fv2%2Fmedia&parent=8635"}],"wp:term":[{"taxonomy":"category","embeddable":true,"href":"https:\/\/www.pzwnarew.pl\/index.php?rest_route=%2Fwp%2Fv2%2Fcategories&post=8635"},{"taxonomy":"post_tag","embeddable":true,"href":"https:\/\/www.pzwnarew.pl\/index.php?rest_route=%2Fwp%2Fv2%2Ftags&post=8635"}],"curies":[{"name":"wp","href":"https:\/\/api.w.org\/{rel}","templated":true}]}}