{"id":8593,"date":"2019-12-21T11:34:25","date_gmt":"2019-12-21T10:34:25","guid":{"rendered":"http:\/\/www.pzwnarew.pl\/?p=8593"},"modified":"2019-12-22T12:08:16","modified_gmt":"2019-12-22T11:08:16","slug":"spotkanie-wigilijne-wedkarzy","status":"publish","type":"post","link":"https:\/\/www.pzwnarew.pl\/?p=8593","title":{"rendered":"SPOTKANIE WIGILIJNE W\u0118DKARZY"},"content":{"rendered":"<p>W dniu 20 grudnia w\u0119dkarze z naszego ko\u0142a spotkali si\u0119 na uroczystej wigilii w\u0119dkarskiej w restauracji &#8222;Luna nad <a href=\"http:\/\/www.pzwnarew.pl\/wp-content\/uploads\/2019\/12\/20191220_180142.jpg\"><img loading=\"lazy\" decoding=\"async\" class=\"alignright size-thumbnail wp-image-8595\" src=\"http:\/\/www.pzwnarew.pl\/wp-content\/uploads\/2019\/12\/20191220_180142-150x150.jpg\" alt=\"20191220_180142\" width=\"150\" height=\"150\" \/><\/a>Narwi\u0105&#8221; . Z\u0142o\u017cono sobie \u017cyczenia.\u00a0 Nagrodzono \u0142owc\u00f3w okaz\u00f3w Piotra Much\u0119 i Jaros\u0142awa Mierzejewskiego. Podzi\u0119kowania od komendanta Pa\u0144stwowej Stra\u017cy Rybackiej trafi\u0142y r\u00f3wnie\u017c na r\u0119ce stra\u017cnikom SSR przy naszym kole PZW Narew: Januszowi Gumkowskiemu , Tomaszowi Zi\u0119bie oraz Jaros\u0142awowi Mierzejewskiemu. Atmosfera \u015bwi\u0105teczna sprzyja\u0142a podsumowaniu mijaj\u0105cego roku oraz planowaniu imprez w nast\u0119pnym sezonie. <!--more--><\/p>\n<p><a href=\"http:\/\/www.pzwnarew.pl\/wp-content\/uploads\/2019\/12\/20191220_180219.jpg\"><img loading=\"lazy\" decoding=\"async\" class=\"alignleft size-medium wp-image-8594\" src=\"http:\/\/www.pzwnarew.pl\/wp-content\/uploads\/2019\/12\/20191220_180219-300x225.jpg\" alt=\"20191220_180219\" width=\"300\" height=\"225\" srcset=\"https:\/\/www.pzwnarew.pl\/wp-content\/uploads\/2019\/12\/20191220_180219-300x225.jpg 300w, https:\/\/www.pzwnarew.pl\/wp-content\/uploads\/2019\/12\/20191220_180219-1024x768.jpg 1024w\" sizes=\"auto, (max-width: 300px) 100vw, 300px\" \/><\/a><\/p>\n<p>&nbsp;<\/p>\n<p><a href=\"http:\/\/www.pzwnarew.pl\/wp-content\/uploads\/2019\/12\/80009518_1450188598477197_7116361781240397824_n.jpg\"><img loading=\"lazy\" decoding=\"async\" class=\"alignleft size-medium wp-image-8599\" src=\"http:\/\/www.pzwnarew.pl\/wp-content\/uploads\/2019\/12\/80009518_1450188598477197_7116361781240397824_n-300x225.jpg\" alt=\"80009518_1450188598477197_7116361781240397824_n\" width=\"300\" height=\"225\" srcset=\"https:\/\/www.pzwnarew.pl\/wp-content\/uploads\/2019\/12\/80009518_1450188598477197_7116361781240397824_n-300x225.jpg 300w, https:\/\/www.pzwnarew.pl\/wp-content\/uploads\/2019\/12\/80009518_1450188598477197_7116361781240397824_n.jpg 960w\" sizes=\"auto, (max-width: 300px) 100vw, 300px\" \/><\/a><a href=\"http:\/\/www.pzwnarew.pl\/wp-content\/uploads\/2019\/12\/80569055_1450188625143861_7760609014534111232_n.jpg\"><img loading=\"lazy\" decoding=\"async\" class=\"alignleft size-medium wp-image-8600\" src=\"http:\/\/www.pzwnarew.pl\/wp-content\/uploads\/2019\/12\/80569055_1450188625143861_7760609014534111232_n-300x169.jpg\" alt=\"80569055_1450188625143861_7760609014534111232_n\" width=\"300\" height=\"169\" srcset=\"https:\/\/www.pzwnarew.pl\/wp-content\/uploads\/2019\/12\/80569055_1450188625143861_7760609014534111232_n-300x169.jpg 300w, https:\/\/www.pzwnarew.pl\/wp-content\/uploads\/2019\/12\/80569055_1450188625143861_7760609014534111232_n.jpg 960w\" sizes=\"auto, (max-width: 300px) 100vw, 300px\" \/><\/a><\/p>\n","protected":false},"excerpt":{"rendered":"<p>W dniu 20 grudnia w\u0119dkarze z naszego ko\u0142a spotkali si\u0119 na uroczystej wigilii w\u0119dkarskiej w restauracji &#8222;Luna nad Narwi\u0105&#8221; . Z\u0142o\u017cono sobie \u017cyczenia.\u00a0 Nagrodzono \u0142owc\u00f3w okaz\u00f3w Piotra Much\u0119 i Jaros\u0142awa Mierzejewskiego. Podzi\u0119kowania od komendanta Pa\u0144stwowej Stra\u017cy Rybackiej trafi\u0142y r\u00f3wnie\u017c na r\u0119ce stra\u017cnikom SSR przy naszym kole PZW Narew: Januszowi Gumkowskiemu , Tomaszowi Zi\u0119bie oraz Jaros\u0142awowi Mierzejewskiemu. Atmosfera \u015bwi\u0105teczna sprzyja\u0142a podsumowaniu mijaj\u0105cego roku oraz planowaniu imprez w nast\u0119pnym sezonie.<\/p>\n","protected":false},"author":4,"featured_media":0,"comment_status":"open","ping_status":"closed","sticky":false,"template":"","format":"standard","meta":{"footnotes":""},"categories":[20],"tags":[],"class_list":["post-8593","post","type-post","status-publish","format-standard","hentry","category-newsy"],"_links":{"self":[{"href":"https:\/\/www.pzwnarew.pl\/index.php?rest_route=\/wp\/v2\/posts\/8593","targetHints":{"allow":["GET"]}}],"collection":[{"href":"https:\/\/www.pzwnarew.pl\/index.php?rest_route=\/wp\/v2\/posts"}],"about":[{"href":"https:\/\/www.pzwnarew.pl\/index.php?rest_route=\/wp\/v2\/types\/post"}],"author":[{"embeddable":true,"href":"https:\/\/www.pzwnarew.pl\/index.php?rest_route=\/wp\/v2\/users\/4"}],"replies":[{"embeddable":true,"href":"https:\/\/www.pzwnarew.pl\/index.php?rest_route=%2Fwp%2Fv2%2Fcomments&post=8593"}],"version-history":[{"count":4,"href":"https:\/\/www.pzwnarew.pl\/index.php?rest_route=\/wp\/v2\/posts\/8593\/revisions"}],"predecessor-version":[{"id":8601,"href":"https:\/\/www.pzwnarew.pl\/index.php?rest_route=\/wp\/v2\/posts\/8593\/revisions\/8601"}],"wp:attachment":[{"href":"https:\/\/www.pzwnarew.pl\/index.php?rest_route=%2Fwp%2Fv2%2Fmedia&parent=8593"}],"wp:term":[{"taxonomy":"category","embeddable":true,"href":"https:\/\/www.pzwnarew.pl\/index.php?rest_route=%2Fwp%2Fv2%2Fcategories&post=8593"},{"taxonomy":"post_tag","embeddable":true,"href":"https:\/\/www.pzwnarew.pl\/index.php?rest_route=%2Fwp%2Fv2%2Ftags&post=8593"}],"curies":[{"name":"wp","href":"https:\/\/api.w.org\/{rel}","templated":true}]}}