{"id":8568,"date":"2019-11-29T12:36:16","date_gmt":"2019-11-29T11:36:16","guid":{"rendered":"http:\/\/www.pzwnarew.pl\/?p=8568"},"modified":"2019-12-01T13:09:02","modified_gmt":"2019-12-01T12:09:02","slug":"mlodziez-ze-szkolki-wedkarskiej-na-zawodach-rzutowych","status":"publish","type":"post","link":"https:\/\/www.pzwnarew.pl\/?p=8568","title":{"rendered":"M\u0141ODZIE\u017b ZE SZK\u00d3\u0141KI W\u0118DKARSKIEJ NA ZAWODACH RZUTOWYCH"},"content":{"rendered":"<p>Start zawodnik\u00f3w Szk\u00f3\u0142ki W\u0119dkarskiej Ko\u0142a 38 Narew, \u201e3 Leszcze\u201d w T\u0142uszczu w <strong>V Otwartych Halowych <a href=\"http:\/\/www.pzwnarew.pl\/wp-content\/uploads\/2019\/11\/IMG_20191124_151702291_BURST000_COVER_TOP.jpg\"><img loading=\"lazy\" decoding=\"async\" class=\"alignright size-thumbnail wp-image-8569\" src=\"http:\/\/www.pzwnarew.pl\/wp-content\/uploads\/2019\/11\/IMG_20191124_151702291_BURST000_COVER_TOP-150x150.jpg\" alt=\"IMG_20191124_151702291_BURST000_COVER_TOP\" width=\"150\" height=\"150\" \/><\/a>Mistrzostwach Okr\u0119gu Mazowieckiego w W\u0119dkarstwie Rzutowym. <\/strong>Nasi m\u0142odzi w\u0119dkarze zako\u0144czyli w\u0142a\u015bnie sezon start\u00f3w w zawodach wyst\u0119pem w T\u0142uszczu na V Otwartych Halowych Mistrzostwach Okr\u0119gu Mazowieckiego w W\u0119dkarstwie Rzutowym. Zdobyli kolejne do\u015bwiadczenia w startach w\u015br\u00f3d utytu\u0142owanych konkurent\u00f3w, w tym mistrz\u00f3w Europy.<\/p>\n<p><!--more--><\/p>\n<p>&nbsp;<\/p>\n<p>&nbsp;<\/p>\n<p><a href=\"http:\/\/www.pzwnarew.pl\/wp-content\/uploads\/2019\/11\/IMG_20191124_150123042.jpg\"><img loading=\"lazy\" decoding=\"async\" class=\"alignleft size-medium wp-image-8571\" src=\"http:\/\/www.pzwnarew.pl\/wp-content\/uploads\/2019\/11\/IMG_20191124_150123042-300x225.jpg\" alt=\"IMG_20191124_150123042\" width=\"300\" height=\"225\" srcset=\"https:\/\/www.pzwnarew.pl\/wp-content\/uploads\/2019\/11\/IMG_20191124_150123042-300x225.jpg 300w, https:\/\/www.pzwnarew.pl\/wp-content\/uploads\/2019\/11\/IMG_20191124_150123042-1024x768.jpg 1024w\" sizes=\"auto, (max-width: 300px) 100vw, 300px\" \/><\/a><\/p>\n<p><a href=\"http:\/\/www.pzwnarew.pl\/wp-content\/uploads\/2019\/11\/IMG_20191124_090947671.jpg\"><img loading=\"lazy\" decoding=\"async\" class=\"alignleft size-medium wp-image-8570\" src=\"http:\/\/www.pzwnarew.pl\/wp-content\/uploads\/2019\/11\/IMG_20191124_090947671-300x225.jpg\" alt=\"IMG_20191124_090947671\" width=\"300\" height=\"225\" srcset=\"https:\/\/www.pzwnarew.pl\/wp-content\/uploads\/2019\/11\/IMG_20191124_090947671-300x225.jpg 300w, https:\/\/www.pzwnarew.pl\/wp-content\/uploads\/2019\/11\/IMG_20191124_090947671-1024x768.jpg 1024w\" sizes=\"auto, (max-width: 300px) 100vw, 300px\" \/><\/a><\/p>\n","protected":false},"excerpt":{"rendered":"<p>Start zawodnik\u00f3w Szk\u00f3\u0142ki W\u0119dkarskiej Ko\u0142a 38 Narew, \u201e3 Leszcze\u201d w T\u0142uszczu w V Otwartych Halowych Mistrzostwach Okr\u0119gu Mazowieckiego w W\u0119dkarstwie Rzutowym. Nasi m\u0142odzi w\u0119dkarze zako\u0144czyli w\u0142a\u015bnie sezon start\u00f3w w zawodach wyst\u0119pem w T\u0142uszczu na V Otwartych Halowych Mistrzostwach Okr\u0119gu Mazowieckiego w W\u0119dkarstwie Rzutowym. Zdobyli kolejne do\u015bwiadczenia w startach w\u015br\u00f3d utytu\u0142owanych konkurent\u00f3w, w tym mistrz\u00f3w Europy.<\/p>\n","protected":false},"author":4,"featured_media":0,"comment_status":"open","ping_status":"closed","sticky":false,"template":"","format":"standard","meta":{"footnotes":""},"categories":[20],"tags":[],"class_list":["post-8568","post","type-post","status-publish","format-standard","hentry","category-newsy"],"_links":{"self":[{"href":"https:\/\/www.pzwnarew.pl\/index.php?rest_route=\/wp\/v2\/posts\/8568","targetHints":{"allow":["GET"]}}],"collection":[{"href":"https:\/\/www.pzwnarew.pl\/index.php?rest_route=\/wp\/v2\/posts"}],"about":[{"href":"https:\/\/www.pzwnarew.pl\/index.php?rest_route=\/wp\/v2\/types\/post"}],"author":[{"embeddable":true,"href":"https:\/\/www.pzwnarew.pl\/index.php?rest_route=\/wp\/v2\/users\/4"}],"replies":[{"embeddable":true,"href":"https:\/\/www.pzwnarew.pl\/index.php?rest_route=%2Fwp%2Fv2%2Fcomments&post=8568"}],"version-history":[{"count":2,"href":"https:\/\/www.pzwnarew.pl\/index.php?rest_route=\/wp\/v2\/posts\/8568\/revisions"}],"predecessor-version":[{"id":8577,"href":"https:\/\/www.pzwnarew.pl\/index.php?rest_route=\/wp\/v2\/posts\/8568\/revisions\/8577"}],"wp:attachment":[{"href":"https:\/\/www.pzwnarew.pl\/index.php?rest_route=%2Fwp%2Fv2%2Fmedia&parent=8568"}],"wp:term":[{"taxonomy":"category","embeddable":true,"href":"https:\/\/www.pzwnarew.pl\/index.php?rest_route=%2Fwp%2Fv2%2Fcategories&post=8568"},{"taxonomy":"post_tag","embeddable":true,"href":"https:\/\/www.pzwnarew.pl\/index.php?rest_route=%2Fwp%2Fv2%2Ftags&post=8568"}],"curies":[{"name":"wp","href":"https:\/\/api.w.org\/{rel}","templated":true}]}}