{"id":856,"date":"2010-03-21T16:56:39","date_gmt":"2010-03-21T15:56:39","guid":{"rendered":"http:\/\/www.ostroleka.com.pl\/pzw-narew38\/?p=856"},"modified":"2011-03-26T18:55:04","modified_gmt":"2011-03-26T17:55:04","slug":"zebranie-sprawozdawcze","status":"publish","type":"post","link":"https:\/\/www.pzwnarew.pl\/?p=856","title":{"rendered":"ZEBRANIE SPRAWOZDAWCZE"},"content":{"rendered":"<p><strong><a href=\"http:\/\/www.ostroleka.com.pl\/pzw-narew38\/wp-content\/uploads\/2011\/03\/sprawozdawcze_2010.jpg\"><img loading=\"lazy\" decoding=\"async\" class=\"alignleft size-thumbnail wp-image-857\" title=\"sprawozdawcze_2010\" src=\"http:\/\/www.ostroleka.com.pl\/pzw-narew38\/wp-content\/uploads\/2011\/03\/sprawozdawcze_2010-150x150.jpg\" alt=\"\" width=\"150\" height=\"150\" \/><\/a><span style=\"color: #808000;\">W dniu 21 marca 2010 r. odby\u0142o si\u0119 zebranie sprawozdawcze z dzia\u0142alno\u015bci Zarz\u0105du Ko\u0142a nr 38 &#8222;Narew&#8221; za 2009 rok.<\/span><\/strong><\/p>\n<p>Dzia\u0142ania Zarz\u0105du realizowane zgodnie z planem pracy i planem bud\u017cetowym zosta\u0142y zaakceptowane przez komisj\u0119 rewizyjna oraz uczestnik\u00f3w zebrania.<br \/>\nW zwi\u0105zku ze z\u0142o\u017ceniem przez obecnego skarbnika Marka G\u0105sk\u0119 rezygnacji z funkcji skarbnika na to stanowisko wybrano nowego skarbnika wieloletniego cz\u0142onka ko\u0142a &#8222;Narew&#8221; Zdzis\u0142awa Sienickiego.<!--more--><\/p>\n<p>Ponadto ustalono, \u017ce w zwi\u0105zku ze zmian\u0105 skarbnika zmieni si\u0119 siedziba finansowa ko\u0142a i od 01 kwietnia g\u0142\u00f3wna dystrybucja znak\u00f3w w\u0119dkarskich Ko\u0142a &#8222;Narew&#8221; b\u0119dzie prowadzona w Sklepie W\u0119dkarskim &#8222;lin&#8221; przy ul. Chopina 4.<\/p>\n<p>Zapraszamy wszystkich w\u0119dkarzy na imprezy w\u0119dkarskie w nowym sezonie wiosenno-letnim.<\/p>\n<p style=\"text-align: right;\">andraszoka<\/p>\n<p style=\"text-align: center;\"><a href=\"http:\/\/www.ostroleka.com.pl\/gallery_pzw\/thumbnails.php?album=66\" target=\"_blank\">Wi\u0119cej zdj\u0119\u0107 z zawod\u00f3w w galerii PZW &#8222;Narew&#8221; &gt;&gt;<\/a><\/p>\n","protected":false},"excerpt":{"rendered":"<p>W dniu 21 marca 2010 r. odby\u0142o si\u0119 zebranie sprawozdawcze z dzia\u0142alno\u015bci Zarz\u0105du Ko\u0142a nr 38 &#8222;Narew&#8221; za 2009 rok. Dzia\u0142ania Zarz\u0105du realizowane zgodnie z planem pracy i planem bud\u017cetowym zosta\u0142y zaakceptowane przez komisj\u0119 rewizyjna oraz uczestnik\u00f3w zebrania. W zwi\u0105zku ze z\u0142o\u017ceniem przez obecnego skarbnika Marka G\u0105sk\u0119 rezygnacji z funkcji skarbnika na to stanowisko wybrano nowego skarbnika wieloletniego cz\u0142onka ko\u0142a &#8222;Narew&#8221; Zdzis\u0142awa Sienickiego.<\/p>\n","protected":false},"author":1,"featured_media":0,"comment_status":"closed","ping_status":"closed","sticky":false,"template":"","format":"standard","meta":{"footnotes":""},"categories":[20],"tags":[],"class_list":["post-856","post","type-post","status-publish","format-standard","hentry","category-newsy"],"_links":{"self":[{"href":"https:\/\/www.pzwnarew.pl\/index.php?rest_route=\/wp\/v2\/posts\/856","targetHints":{"allow":["GET"]}}],"collection":[{"href":"https:\/\/www.pzwnarew.pl\/index.php?rest_route=\/wp\/v2\/posts"}],"about":[{"href":"https:\/\/www.pzwnarew.pl\/index.php?rest_route=\/wp\/v2\/types\/post"}],"author":[{"embeddable":true,"href":"https:\/\/www.pzwnarew.pl\/index.php?rest_route=\/wp\/v2\/users\/1"}],"replies":[{"embeddable":true,"href":"https:\/\/www.pzwnarew.pl\/index.php?rest_route=%2Fwp%2Fv2%2Fcomments&post=856"}],"version-history":[{"count":4,"href":"https:\/\/www.pzwnarew.pl\/index.php?rest_route=\/wp\/v2\/posts\/856\/revisions"}],"predecessor-version":[{"id":860,"href":"https:\/\/www.pzwnarew.pl\/index.php?rest_route=\/wp\/v2\/posts\/856\/revisions\/860"}],"wp:attachment":[{"href":"https:\/\/www.pzwnarew.pl\/index.php?rest_route=%2Fwp%2Fv2%2Fmedia&parent=856"}],"wp:term":[{"taxonomy":"category","embeddable":true,"href":"https:\/\/www.pzwnarew.pl\/index.php?rest_route=%2Fwp%2Fv2%2Fcategories&post=856"},{"taxonomy":"post_tag","embeddable":true,"href":"https:\/\/www.pzwnarew.pl\/index.php?rest_route=%2Fwp%2Fv2%2Ftags&post=856"}],"curies":[{"name":"wp","href":"https:\/\/api.w.org\/{rel}","templated":true}]}}