{"id":8559,"date":"2019-11-16T21:05:43","date_gmt":"2019-11-16T20:05:43","guid":{"rendered":"http:\/\/www.pzwnarew.pl\/?p=8559"},"modified":"2019-11-16T21:09:55","modified_gmt":"2019-11-16T20:09:55","slug":"nasz-straznik-zarybial-odre","status":"publish","type":"post","link":"https:\/\/www.pzwnarew.pl\/?p=8559","title":{"rendered":"Nasz stra\u017cnik zarybia\u0142 Odr\u0119"},"content":{"rendered":"<p>Fundacja WWF polska za pomoc w przeprowadzeniu wizji lokalnej \u0142odzi\u0105 patrolow\u0105 SSR rzeki Narew. Oraz walki z olejem kt\u00f3ry wydosta\u0142 <a href=\"http:\/\/www.pzwnarew.pl\/wp-content\/uploads\/2019\/11\/191113-25.jpg\"><img loading=\"lazy\" decoding=\"async\" class=\"alignright size-medium wp-image-8560\" src=\"http:\/\/www.pzwnarew.pl\/wp-content\/uploads\/2019\/11\/191113-25-300x168.jpg\" alt=\"191113 (25)\" width=\"300\" height=\"168\" srcset=\"https:\/\/www.pzwnarew.pl\/wp-content\/uploads\/2019\/11\/191113-25-300x168.jpg 300w, https:\/\/www.pzwnarew.pl\/wp-content\/uploads\/2019\/11\/191113-25.jpg 1000w\" sizes=\"auto, (max-width: 300px) 100vw, 300px\" \/><\/a>si\u0119 z elektrowni.\u00a0 Podzi\u0119kowa\u0142a naszym stra\u017cnikom w mediach spo\u0142eczno\u015bciowych, oraz odwdzi\u0119czy\u0142a si\u0119 zabieraj\u0105c jednego z naszych stra\u017cnik\u00f3w na wycieczk\u0119 do Niemiec. Do hodowli jesiotra. Nasz stra\u017cnik reprezentant naszego ko\u0142a Jaros\u0142aw Mierzejewski uda\u0142 si\u0119 wsp\u00f3lnie z ekip\u0105 WWF by zarybi\u0107 Odr\u0119. Nasz kolega bra\u0142 udzia\u0142u w zarybienia jesiotra w programie odbudowy gatunku endemicznego w parku krajobrazowym doliny Odry. Po stronie niemieckiej znajdowa\u0142 si\u0119 jeden kontener (na zdj\u0119ciach koloru czarnego) w kt\u00f3rym hodowane by\u0142y jesiotry w warunkach naturalnych w wodzie z Odry. Potem ekipa WWF wraz z naszym stra\u017cnikiem przep\u0142yn\u0119\u0142a \u0142odzi\u0105 z Niemiec do Polski. Po stronie Polskiej znajdowa\u0142 si\u0119 kolejny kontener (kolor bia\u0142y) z inkubatorem do hodowli ryb. \u00a0Jesiotry hodowane s\u0105 do wielko\u015bci oko\u0142o 20 cm karmione ochotk\u0105 potem zostaj\u0105 wypuszczone do Odry. W czasie pobytu nad Odr\u0105 zosta\u0142o wypuszczonych kilka tysi\u0119cy ryb do rzeki. Zapraszamy do galerii zdj\u0119\u0107. <!--more--><\/p>\n<p><a href=\"http:\/\/www.pzwnarew.pl\/gallery_pzw\/thumbnails.php?album=280\"><img loading=\"lazy\" decoding=\"async\" class=\"aligncenter size-full wp-image-4190\" src=\"http:\/\/www.pzwnarew.pl\/wp-content\/uploads\/2013\/04\/play-galeria.jpg\" alt=\"play galeria\" width=\"342\" height=\"213\" srcset=\"https:\/\/www.pzwnarew.pl\/wp-content\/uploads\/2013\/04\/play-galeria.jpg 342w, https:\/\/www.pzwnarew.pl\/wp-content\/uploads\/2013\/04\/play-galeria-300x186.jpg 300w\" sizes=\"auto, (max-width: 342px) 100vw, 342px\" \/><\/a><\/p>\n","protected":false},"excerpt":{"rendered":"<p>Fundacja WWF polska za pomoc w przeprowadzeniu wizji lokalnej \u0142odzi\u0105 patrolow\u0105 SSR rzeki Narew. Oraz walki z olejem kt\u00f3ry wydosta\u0142 si\u0119 z elektrowni.\u00a0 Podzi\u0119kowa\u0142a naszym stra\u017cnikom w mediach spo\u0142eczno\u015bciowych, oraz odwdzi\u0119czy\u0142a si\u0119 zabieraj\u0105c jednego z naszych stra\u017cnik\u00f3w na wycieczk\u0119 do Niemiec. Do hodowli jesiotra. Nasz stra\u017cnik reprezentant naszego ko\u0142a Jaros\u0142aw Mierzejewski uda\u0142 si\u0119 wsp\u00f3lnie z ekip\u0105 WWF by zarybi\u0107 Odr\u0119. Nasz kolega bra\u0142 udzia\u0142u w zarybienia jesiotra w programie odbudowy gatunku endemicznego w parku krajobrazowym doliny Odry. Po stronie niemieckiej&#8230;<\/p>\n<p class=\"read-more\"><a class=\"btn btn-default\" href=\"https:\/\/www.pzwnarew.pl\/?p=8559\"> Read More<span class=\"screen-reader-text\">  Read More<\/span><\/a><\/p>\n","protected":false},"author":2,"featured_media":0,"comment_status":"open","ping_status":"closed","sticky":false,"template":"","format":"standard","meta":{"footnotes":""},"categories":[20],"tags":[],"class_list":["post-8559","post","type-post","status-publish","format-standard","hentry","category-newsy"],"_links":{"self":[{"href":"https:\/\/www.pzwnarew.pl\/index.php?rest_route=\/wp\/v2\/posts\/8559","targetHints":{"allow":["GET"]}}],"collection":[{"href":"https:\/\/www.pzwnarew.pl\/index.php?rest_route=\/wp\/v2\/posts"}],"about":[{"href":"https:\/\/www.pzwnarew.pl\/index.php?rest_route=\/wp\/v2\/types\/post"}],"author":[{"embeddable":true,"href":"https:\/\/www.pzwnarew.pl\/index.php?rest_route=\/wp\/v2\/users\/2"}],"replies":[{"embeddable":true,"href":"https:\/\/www.pzwnarew.pl\/index.php?rest_route=%2Fwp%2Fv2%2Fcomments&post=8559"}],"version-history":[{"count":6,"href":"https:\/\/www.pzwnarew.pl\/index.php?rest_route=\/wp\/v2\/posts\/8559\/revisions"}],"predecessor-version":[{"id":8566,"href":"https:\/\/www.pzwnarew.pl\/index.php?rest_route=\/wp\/v2\/posts\/8559\/revisions\/8566"}],"wp:attachment":[{"href":"https:\/\/www.pzwnarew.pl\/index.php?rest_route=%2Fwp%2Fv2%2Fmedia&parent=8559"}],"wp:term":[{"taxonomy":"category","embeddable":true,"href":"https:\/\/www.pzwnarew.pl\/index.php?rest_route=%2Fwp%2Fv2%2Fcategories&post=8559"},{"taxonomy":"post_tag","embeddable":true,"href":"https:\/\/www.pzwnarew.pl\/index.php?rest_route=%2Fwp%2Fv2%2Ftags&post=8559"}],"curies":[{"name":"wp","href":"https:\/\/api.w.org\/{rel}","templated":true}]}}