{"id":8550,"date":"2019-11-06T14:25:21","date_gmt":"2019-11-06T13:25:21","guid":{"rendered":"http:\/\/www.pzwnarew.pl\/?p=8550"},"modified":"2019-11-10T11:14:17","modified_gmt":"2019-11-10T10:14:17","slug":"zarybianie-jesienne-jaz","status":"publish","type":"post","link":"https:\/\/www.pzwnarew.pl\/?p=8550","title":{"rendered":"ZARYBIANIE JESIENNE &#8211; JA\u0179"},"content":{"rendered":"<p>W dniu 4 listopada Okr\u0119g Mazowiecki PZW przy pomocy w\u0119dkarzy i stra\u017cnik\u00f3w SSRyb z ko\u0142a Narew 38\u00a0 zarybi\u0142 <a href=\"http:\/\/www.pzwnarew.pl\/wp-content\/uploads\/2019\/11\/75580180_433838223943498_5949510623950798848_n.jpg\"><img loading=\"lazy\" decoding=\"async\" class=\"alignright size-thumbnail wp-image-8551\" src=\"http:\/\/www.pzwnarew.pl\/wp-content\/uploads\/2019\/11\/75580180_433838223943498_5949510623950798848_n-150x150.jpg\" alt=\"75580180_433838223943498_5949510623950798848_n\" width=\"150\" height=\"150\" \/><\/a>jeden z dop\u0142yw\u00f3w Narwi jaziem kroczkiem w ilo\u015bci 400 kg. Zarybienie odby\u0142o si\u0119 zgodnie z zaleceniem ichtiologicznym\u00a0 technik prowadzenia zarybienia z tzw. &#8222;r\u0119kawa&#8221;. Ryby dobrze znios\u0142y podr\u00f3\u017c i zosta\u0142y szybko i bez szwanku wpuszczone do bie\u017c\u0105cej wody. Specjalista\u00a0 zarybie\u0144 OMPZW\u00a0 Antoni Jab\u0142o\u0144ski oraz Prezes ko\u0142a Andrzej Raszkiewicz po lustracji terenu zarybienia nie stwierdzili przypadk\u00f3w \u015bni\u0119cia wpuszczanych ryb po zarybieniu. Dzi\u0119kujemy Januszowi Gumkowskiemu oraz Robertowi Gwiazdowskiemu\u00a0 za aktywny udzia\u0142 w zarybieniu.<!--more--><\/p>\n<p>&nbsp;<\/p>\n<p><a href=\"http:\/\/www.pzwnarew.pl\/wp-content\/uploads\/2019\/11\/76655346_437786690214074_7702144334858027008_n.jpg\"><img loading=\"lazy\" decoding=\"async\" class=\"alignleft size-medium wp-image-8554\" src=\"http:\/\/www.pzwnarew.pl\/wp-content\/uploads\/2019\/11\/76655346_437786690214074_7702144334858027008_n-300x225.jpg\" alt=\"76655346_437786690214074_7702144334858027008_n\" width=\"300\" height=\"225\" srcset=\"https:\/\/www.pzwnarew.pl\/wp-content\/uploads\/2019\/11\/76655346_437786690214074_7702144334858027008_n-300x225.jpg 300w, https:\/\/www.pzwnarew.pl\/wp-content\/uploads\/2019\/11\/76655346_437786690214074_7702144334858027008_n-1024x768.jpg 1024w\" sizes=\"auto, (max-width: 300px) 100vw, 300px\" \/><\/a><a href=\"http:\/\/www.pzwnarew.pl\/wp-content\/uploads\/2019\/11\/75534894_266800560902058_782307290576322560_n.jpg\"><img loading=\"lazy\" decoding=\"async\" class=\"alignleft size-medium wp-image-8553\" src=\"http:\/\/www.pzwnarew.pl\/wp-content\/uploads\/2019\/11\/75534894_266800560902058_782307290576322560_n-300x225.jpg\" alt=\"75534894_266800560902058_782307290576322560_n\" width=\"300\" height=\"225\" srcset=\"https:\/\/www.pzwnarew.pl\/wp-content\/uploads\/2019\/11\/75534894_266800560902058_782307290576322560_n-300x225.jpg 300w, https:\/\/www.pzwnarew.pl\/wp-content\/uploads\/2019\/11\/75534894_266800560902058_782307290576322560_n-1024x768.jpg 1024w\" sizes=\"auto, (max-width: 300px) 100vw, 300px\" \/><\/a><a href=\"http:\/\/www.pzwnarew.pl\/wp-content\/uploads\/2019\/11\/74447015_416090175998295_35432621198540800_n.jpg\"><img loading=\"lazy\" decoding=\"async\" class=\"alignleft size-medium wp-image-8552\" src=\"http:\/\/www.pzwnarew.pl\/wp-content\/uploads\/2019\/11\/74447015_416090175998295_35432621198540800_n-300x225.jpg\" alt=\"74447015_416090175998295_35432621198540800_n\" width=\"300\" height=\"225\" srcset=\"https:\/\/www.pzwnarew.pl\/wp-content\/uploads\/2019\/11\/74447015_416090175998295_35432621198540800_n-300x225.jpg 300w, https:\/\/www.pzwnarew.pl\/wp-content\/uploads\/2019\/11\/74447015_416090175998295_35432621198540800_n-1024x768.jpg 1024w\" sizes=\"auto, (max-width: 300px) 100vw, 300px\" \/><\/a><\/p>\n<p>&nbsp;<\/p>\n<p>&nbsp;<\/p>\n<p>&nbsp;<\/p>\n<p>&nbsp;<\/p>\n<p>&nbsp;<\/p>\n<p>&nbsp;<\/p>\n<p>&nbsp;<\/p>\n<p>&nbsp;<\/p>\n<p>&nbsp;<\/p>\n","protected":false},"excerpt":{"rendered":"<p>W dniu 4 listopada Okr\u0119g Mazowiecki PZW przy pomocy w\u0119dkarzy i stra\u017cnik\u00f3w SSRyb z ko\u0142a Narew 38\u00a0 zarybi\u0142 jeden z dop\u0142yw\u00f3w Narwi jaziem kroczkiem w ilo\u015bci 400 kg. Zarybienie odby\u0142o si\u0119 zgodnie z zaleceniem ichtiologicznym\u00a0 technik prowadzenia zarybienia z tzw. &#8222;r\u0119kawa&#8221;. Ryby dobrze znios\u0142y podr\u00f3\u017c i zosta\u0142y szybko i bez szwanku wpuszczone do bie\u017c\u0105cej wody. Specjalista\u00a0 zarybie\u0144 OMPZW\u00a0 Antoni Jab\u0142o\u0144ski oraz Prezes ko\u0142a Andrzej Raszkiewicz po lustracji terenu zarybienia nie stwierdzili przypadk\u00f3w \u015bni\u0119cia wpuszczanych ryb po zarybieniu. Dzi\u0119kujemy Januszowi Gumkowskiemu&#8230;<\/p>\n<p class=\"read-more\"><a class=\"btn btn-default\" href=\"https:\/\/www.pzwnarew.pl\/?p=8550\"> Read More<span class=\"screen-reader-text\">  Read More<\/span><\/a><\/p>\n","protected":false},"author":4,"featured_media":0,"comment_status":"open","ping_status":"closed","sticky":false,"template":"","format":"standard","meta":{"footnotes":""},"categories":[20],"tags":[],"class_list":["post-8550","post","type-post","status-publish","format-standard","hentry","category-newsy"],"_links":{"self":[{"href":"https:\/\/www.pzwnarew.pl\/index.php?rest_route=\/wp\/v2\/posts\/8550","targetHints":{"allow":["GET"]}}],"collection":[{"href":"https:\/\/www.pzwnarew.pl\/index.php?rest_route=\/wp\/v2\/posts"}],"about":[{"href":"https:\/\/www.pzwnarew.pl\/index.php?rest_route=\/wp\/v2\/types\/post"}],"author":[{"embeddable":true,"href":"https:\/\/www.pzwnarew.pl\/index.php?rest_route=\/wp\/v2\/users\/4"}],"replies":[{"embeddable":true,"href":"https:\/\/www.pzwnarew.pl\/index.php?rest_route=%2Fwp%2Fv2%2Fcomments&post=8550"}],"version-history":[{"count":2,"href":"https:\/\/www.pzwnarew.pl\/index.php?rest_route=\/wp\/v2\/posts\/8550\/revisions"}],"predecessor-version":[{"id":8557,"href":"https:\/\/www.pzwnarew.pl\/index.php?rest_route=\/wp\/v2\/posts\/8550\/revisions\/8557"}],"wp:attachment":[{"href":"https:\/\/www.pzwnarew.pl\/index.php?rest_route=%2Fwp%2Fv2%2Fmedia&parent=8550"}],"wp:term":[{"taxonomy":"category","embeddable":true,"href":"https:\/\/www.pzwnarew.pl\/index.php?rest_route=%2Fwp%2Fv2%2Fcategories&post=8550"},{"taxonomy":"post_tag","embeddable":true,"href":"https:\/\/www.pzwnarew.pl\/index.php?rest_route=%2Fwp%2Fv2%2Ftags&post=8550"}],"curies":[{"name":"wp","href":"https:\/\/api.w.org\/{rel}","templated":true}]}}