{"id":8497,"date":"2019-09-23T10:14:43","date_gmt":"2019-09-23T08:14:43","guid":{"rendered":"http:\/\/www.pzwnarew.pl\/?p=8497"},"modified":"2019-10-13T11:16:31","modified_gmt":"2019-10-13T09:16:31","slug":"mistrzowie-splawika-wylonieni","status":"publish","type":"post","link":"https:\/\/www.pzwnarew.pl\/?p=8497","title":{"rendered":"MISTRZOWIE SP\u0141AWIKA WY\u0141ONIENI"},"content":{"rendered":"<p>W dniu 22 bm.\u00a0 na zalewie w miejscowo\u015bci Zawodzie ko\u0142o Myszy\u0144ca rozegrali\u015bmy II zawody sp\u0142awikowe celem wy\u0142onienia Mistrza <a href=\"http:\/\/www.pzwnarew.pl\/wp-content\/uploads\/2019\/09\/70716856_1362825043880220_8654209232851173376_n.jpg\"><img loading=\"lazy\" decoding=\"async\" class=\"alignright size-thumbnail wp-image-8499\" src=\"http:\/\/www.pzwnarew.pl\/wp-content\/uploads\/2019\/09\/70716856_1362825043880220_8654209232851173376_n-150x150.jpg\" alt=\"70716856_1362825043880220_8654209232851173376_n\" width=\"150\" height=\"150\" \/><\/a>sp\u0142awikowego na 2019 rok.Po zaci\u0119tej walce trzech pretendent\u00f3w do tego tytu\u0142u nie dali szans pozosta\u0142ym zawodnikom. O tytu\u0142 mistrza walczyli Robert Dami\u0119cki , Rafa\u0142 Jastrz\u0119bski i Piotr Wrzeszcz. Znowu rozdzielili pomi\u0119dzy siebie miejsca na podium, i tak II zawody wygra\u0142 Rafa\u0142 Jastrz\u0119bski tuz za nim by\u0142 Robert Damiecki, trzecie miejsca zaj\u0105\u0142 Piotr Wrzeszcz. Ostatecznie po zliczeniu wynik\u00f3w z zawod\u00f3w kwietniowych i wrze\u015bniowych mistrzem ko\u0142a na ro 2019 zosta\u0142 <strong>Robert Dami\u0119cki <\/strong>na tytu\u0142 wicemistrza zapracowa\u0142<strong>\u00a0Rafa\u0142 Jastrz\u0119bski <\/strong>natomiast II wicemistrzem zosta\u0142<strong> Piotr Wrzeszcz.<\/strong><\/p>\n<p>Gratulujemy zwyci\u0119zcom i zapraszamy na nasze zawody mistrzostwa gruntowe zaplanowane na dzie\u0144 6 pa\u017adziernika<em>.<br \/>\n<\/em><!--more--><\/p>\n<p><a href=\"http:\/\/www.pzwnarew.pl\/gallery_pzw\/thumbnails.php?album=277\"><img loading=\"lazy\" decoding=\"async\" class=\"aligncenter size-medium wp-image-4190\" src=\"http:\/\/www.pzwnarew.pl\/wp-content\/uploads\/2013\/04\/play-galeria-300x186.jpg\" alt=\"play galeria\" width=\"300\" height=\"186\" srcset=\"https:\/\/www.pzwnarew.pl\/wp-content\/uploads\/2013\/04\/play-galeria-300x186.jpg 300w, https:\/\/www.pzwnarew.pl\/wp-content\/uploads\/2013\/04\/play-galeria.jpg 342w\" sizes=\"auto, (max-width: 300px) 100vw, 300px\" \/><\/a><\/p>\n","protected":false},"excerpt":{"rendered":"<p>W dniu 22 bm.\u00a0 na zalewie w miejscowo\u015bci Zawodzie ko\u0142o Myszy\u0144ca rozegrali\u015bmy II zawody sp\u0142awikowe celem wy\u0142onienia Mistrza sp\u0142awikowego na 2019 rok.Po zaci\u0119tej walce trzech pretendent\u00f3w do tego tytu\u0142u nie dali szans pozosta\u0142ym zawodnikom. O tytu\u0142 mistrza walczyli Robert Dami\u0119cki , Rafa\u0142 Jastrz\u0119bski i Piotr Wrzeszcz. Znowu rozdzielili pomi\u0119dzy siebie miejsca na podium, i tak II zawody wygra\u0142 Rafa\u0142 Jastrz\u0119bski tuz za nim by\u0142 Robert Damiecki, trzecie miejsca zaj\u0105\u0142 Piotr Wrzeszcz. Ostatecznie po zliczeniu wynik\u00f3w z zawod\u00f3w kwietniowych i wrze\u015bniowych&#8230;<\/p>\n<p class=\"read-more\"><a class=\"btn btn-default\" href=\"https:\/\/www.pzwnarew.pl\/?p=8497\"> Read More<span class=\"screen-reader-text\">  Read More<\/span><\/a><\/p>\n","protected":false},"author":4,"featured_media":0,"comment_status":"open","ping_status":"closed","sticky":false,"template":"","format":"standard","meta":{"footnotes":""},"categories":[20],"tags":[],"class_list":["post-8497","post","type-post","status-publish","format-standard","hentry","category-newsy"],"_links":{"self":[{"href":"https:\/\/www.pzwnarew.pl\/index.php?rest_route=\/wp\/v2\/posts\/8497","targetHints":{"allow":["GET"]}}],"collection":[{"href":"https:\/\/www.pzwnarew.pl\/index.php?rest_route=\/wp\/v2\/posts"}],"about":[{"href":"https:\/\/www.pzwnarew.pl\/index.php?rest_route=\/wp\/v2\/types\/post"}],"author":[{"embeddable":true,"href":"https:\/\/www.pzwnarew.pl\/index.php?rest_route=\/wp\/v2\/users\/4"}],"replies":[{"embeddable":true,"href":"https:\/\/www.pzwnarew.pl\/index.php?rest_route=%2Fwp%2Fv2%2Fcomments&post=8497"}],"version-history":[{"count":5,"href":"https:\/\/www.pzwnarew.pl\/index.php?rest_route=\/wp\/v2\/posts\/8497\/revisions"}],"predecessor-version":[{"id":8520,"href":"https:\/\/www.pzwnarew.pl\/index.php?rest_route=\/wp\/v2\/posts\/8497\/revisions\/8520"}],"wp:attachment":[{"href":"https:\/\/www.pzwnarew.pl\/index.php?rest_route=%2Fwp%2Fv2%2Fmedia&parent=8497"}],"wp:term":[{"taxonomy":"category","embeddable":true,"href":"https:\/\/www.pzwnarew.pl\/index.php?rest_route=%2Fwp%2Fv2%2Fcategories&post=8497"},{"taxonomy":"post_tag","embeddable":true,"href":"https:\/\/www.pzwnarew.pl\/index.php?rest_route=%2Fwp%2Fv2%2Ftags&post=8497"}],"curies":[{"name":"wp","href":"https:\/\/api.w.org\/{rel}","templated":true}]}}