{"id":849,"date":"2010-11-07T16:44:07","date_gmt":"2010-11-07T15:44:07","guid":{"rendered":"http:\/\/www.ostroleka.com.pl\/pzw-narew38\/?p=849"},"modified":"2011-03-26T18:52:35","modified_gmt":"2011-03-26T17:52:35","slug":"60-lat-minelo","status":"publish","type":"post","link":"https:\/\/www.pzwnarew.pl\/?p=849","title":{"rendered":"60 lat min\u0119\u0142o&#8230;"},"content":{"rendered":"<p><strong><a href=\"http:\/\/www.ostroleka.com.pl\/pzw-narew38\/wp-content\/uploads\/2011\/03\/60_lat_01.jpg\"><img loading=\"lazy\" decoding=\"async\" class=\"alignleft size-thumbnail wp-image-850\" title=\"60_lat_01\" src=\"http:\/\/www.ostroleka.com.pl\/pzw-narew38\/wp-content\/uploads\/2011\/03\/60_lat_01-150x150.jpg\" alt=\"\" width=\"150\" height=\"150\" \/><\/a><span style=\"color: #808000;\">W dniu 7 listopada 2010 r. Ko\u0142o PZW &#8222;Narew&#8221; w Ostro\u0142\u0119ce zorganizowa\u0142o uroczysty obiad z okazji 60-lecia PZW i Ko\u0142a &#8222;Narew&#8221;.<\/span><\/strong><\/p>\n<p>Prezes Wies\u0142aw Szczube\u0142ek powita\u0142 go\u015bci przyby\u0142ych na ta uroczysto\u015b\u0107 a byli to:<br \/>\nStanis\u0142aw Pliszka Wiceprezes Okr\u0119gu Mazowieckiego PZW, S\u0119dzia S\u0105du Dyscyp. Zarz\u0105du G\u0142\u00f3wnego PZW . Antoni Kustusz Rzecznik Prasowy ZG PZW oraz przedstawiciele z ko\u0142a PZW &#8222;Energopap&#8221; tj. Prezes W\u0142adys\u0142aw Grzybowi\u0144ski, Zbigniew Samborski i Piotr Anto\u015bkiewicz .<br \/>\nNa uroczysto\u015b\u0107 przyby\u0142 Prezydent Ostro\u0142\u0119ki Janusz Kotowski oraz przedstawicielka Starosty ostro\u0142\u0119ckiego Jadwiga Majkowska.<!--more--><br \/>\n<a href=\"http:\/\/www.ostroleka.com.pl\/pzw-narew38\/wp-content\/uploads\/2011\/03\/60_lat_02.jpg\"><img loading=\"lazy\" decoding=\"async\" class=\"alignleft size-thumbnail wp-image-851\" title=\"60_lat_02\" src=\"http:\/\/www.ostroleka.com.pl\/pzw-narew38\/wp-content\/uploads\/2011\/03\/60_lat_02-150x150.jpg\" alt=\"\" width=\"150\" height=\"150\" \/><\/a>W uroczysto\u015bci uczestniczy\u0142 Zarz\u0105d Ko\u0142a Narew, Komisja Rewizyjna, S\u0105d Kole\u017ce\u0144ski i kilkudziesi\u0119ciu cz\u0142onk\u00f3w naszego ko\u0142a zaproszonych na ten jubileusz.<\/p>\n<p>Kulminacj\u0105 uroczysto\u015bci by\u0142o wr\u0119czenie wielu nagr\u00f3d &#8211; lista uhonorowanych poni\u017cej:<br \/>\nSrebrn\u0105 Odznak\u0119 PZW otrzyma\u0142 Andrzej Za\u0142\u0119ski.<\/p>\n<p>Statuetk\u0119 za wieloletni\u0105 przynale\u017cno\u015b\u0107 do Ko\u0142a PZW &#8222;Narew&#8221; otrzymali: Siedlecki J\u00f3zef, \u017bebrowski Tadeusz, Mroczek Jacek, Nabia\u0142ek Henryk.<a href=\"http:\/\/www.ostroleka.com.pl\/pzw-narew38\/wp-content\/uploads\/2011\/03\/60_lat_03.jpg\"><img loading=\"lazy\" decoding=\"async\" class=\"alignright size-thumbnail wp-image-852\" title=\"60_lat_03\" src=\"http:\/\/www.ostroleka.com.pl\/pzw-narew38\/wp-content\/uploads\/2011\/03\/60_lat_03-150x150.jpg\" alt=\"\" width=\"150\" height=\"150\" \/><\/a><\/p>\n<p>Odznak\u0119 &#8222;Zas\u0142u\u017cony dla PZW&#8221; otrzymali Prezydent Ostro\u0142\u0119ki Janusz Kotowski, Starosta Ostro\u0142\u0119cki Stanis\u0142aw Kube\u0142.<\/p>\n<p>Pami\u0105tkowe medale PZW otrzymali: Andrzej Stachach, Ryszard \u0141ozi\u0144ski, Wojciech Krupka, Jacek Bialik.<\/p>\n<p>&#8222;Za wieloletni\u0105 dzia\u0142alno\u015b\u0107 na rzecz Ko\u0142a PZW &#8222;Narew&#8221; w Ostro\u0142\u0119ce uhonorowani statuetkami zostali: Stanis\u0142aw Pliszka , Stanis\u0142aw Gawrychowski, Andrzej Ho\u0142dy\u0144ski, Mariusz Kamionowski, Henryk Bielak i Andrzej Raszkiewicz.<\/p>\n<p>Honorowe Statuetki &#8222;Za wsparcie finansowe Ko\u0142a PZW &#8222;Narew&#8221; otrzymali: Piotr Cichy i Zbigniew Lis.<\/p>\n<p>Uroczysty obiad przy wspomnieniach weteran\u00f3w dope\u0142ni\u0142 ca\u0142o\u015bci przebiegu uroczysto\u015bci.<\/p>\n<p>Zarz\u0105d Ko\u0142a &#8222;Narew&#8221; serdecznie dzi\u0119kuje wszystkim w\u0119dkarzom za te 60 lat i zaprasza na nast\u0119pny jubileusz za \u2026. 40 lat na stulecie.<br \/>\n\u00a0<\/p>\n<p style=\"text-align: center;\"><a href=\"http:\/\/www.ostroleka.com.pl\/gallery_pzw\/thumbnails.php?album=69\" target=\"_blank\">Wi\u0119cej zdj\u0119\u0107 z zawod\u00f3w w galerii PZW &#8222;Narew&#8221; &gt;&gt;<\/a><\/p>\n<p style=\"text-align: right;\">Tekst: andraszoka<br \/>\nFoto: Rysiek Er<\/p>\n","protected":false},"excerpt":{"rendered":"<p>W dniu 7 listopada 2010 r. Ko\u0142o PZW &#8222;Narew&#8221; w Ostro\u0142\u0119ce zorganizowa\u0142o uroczysty obiad z okazji 60-lecia PZW i Ko\u0142a &#8222;Narew&#8221;. Prezes Wies\u0142aw Szczube\u0142ek powita\u0142 go\u015bci przyby\u0142ych na ta uroczysto\u015b\u0107 a byli to: Stanis\u0142aw Pliszka Wiceprezes Okr\u0119gu Mazowieckiego PZW, S\u0119dzia S\u0105du Dyscyp. Zarz\u0105du G\u0142\u00f3wnego PZW . Antoni Kustusz Rzecznik Prasowy ZG PZW oraz przedstawiciele z ko\u0142a PZW &#8222;Energopap&#8221; tj. Prezes W\u0142adys\u0142aw Grzybowi\u0144ski, Zbigniew Samborski i Piotr Anto\u015bkiewicz . Na uroczysto\u015b\u0107 przyby\u0142 Prezydent Ostro\u0142\u0119ki Janusz Kotowski oraz przedstawicielka Starosty ostro\u0142\u0119ckiego Jadwiga&#8230;<\/p>\n<p class=\"read-more\"><a class=\"btn btn-default\" href=\"https:\/\/www.pzwnarew.pl\/?p=849\"> Read More<span class=\"screen-reader-text\">  Read More<\/span><\/a><\/p>\n","protected":false},"author":1,"featured_media":0,"comment_status":"closed","ping_status":"closed","sticky":false,"template":"","format":"standard","meta":{"footnotes":""},"categories":[20],"tags":[],"class_list":["post-849","post","type-post","status-publish","format-standard","hentry","category-newsy"],"_links":{"self":[{"href":"https:\/\/www.pzwnarew.pl\/index.php?rest_route=\/wp\/v2\/posts\/849","targetHints":{"allow":["GET"]}}],"collection":[{"href":"https:\/\/www.pzwnarew.pl\/index.php?rest_route=\/wp\/v2\/posts"}],"about":[{"href":"https:\/\/www.pzwnarew.pl\/index.php?rest_route=\/wp\/v2\/types\/post"}],"author":[{"embeddable":true,"href":"https:\/\/www.pzwnarew.pl\/index.php?rest_route=\/wp\/v2\/users\/1"}],"replies":[{"embeddable":true,"href":"https:\/\/www.pzwnarew.pl\/index.php?rest_route=%2Fwp%2Fv2%2Fcomments&post=849"}],"version-history":[{"count":4,"href":"https:\/\/www.pzwnarew.pl\/index.php?rest_route=\/wp\/v2\/posts\/849\/revisions"}],"predecessor-version":[{"id":855,"href":"https:\/\/www.pzwnarew.pl\/index.php?rest_route=\/wp\/v2\/posts\/849\/revisions\/855"}],"wp:attachment":[{"href":"https:\/\/www.pzwnarew.pl\/index.php?rest_route=%2Fwp%2Fv2%2Fmedia&parent=849"}],"wp:term":[{"taxonomy":"category","embeddable":true,"href":"https:\/\/www.pzwnarew.pl\/index.php?rest_route=%2Fwp%2Fv2%2Fcategories&post=849"},{"taxonomy":"post_tag","embeddable":true,"href":"https:\/\/www.pzwnarew.pl\/index.php?rest_route=%2Fwp%2Fv2%2Ftags&post=849"}],"curies":[{"name":"wp","href":"https:\/\/api.w.org\/{rel}","templated":true}]}}