{"id":8480,"date":"2019-09-10T21:48:32","date_gmt":"2019-09-10T19:48:32","guid":{"rendered":"http:\/\/www.pzwnarew.pl\/?p=8480"},"modified":"2019-09-10T21:57:21","modified_gmt":"2019-09-10T19:57:21","slug":"nasza-druzna-w-mistrzostwach-splawikowch-szkolek-wedkarskich-okregu-mazowieckiego-pzw","status":"publish","type":"post","link":"https:\/\/www.pzwnarew.pl\/?p=8480","title":{"rendered":"Nasza dru\u017cna na Mistrzostwach Sp\u0142awikowych Szk\u00f3\u0142ek W\u0119dkarskich Okr\u0119gu Mazowieckiego PZW"},"content":{"rendered":"<p>W niedziel\u0119 8 wrze\u015bnia 2019 r. na Kanale \u017bera\u0144skim w Kobia\u0142ce odby\u0142 si\u0119 zawody sp\u0142awikowe. M\u0142odzi w\u0119dkarz z <a href=\"http:\/\/www.pzwnarew.pl\/wp-content\/uploads\/2019\/09\/69765718_353203718893330_8609643844734025728_n.jpg\"><img loading=\"lazy\" decoding=\"async\" class=\"alignright size-thumbnail wp-image-8481\" src=\"http:\/\/www.pzwnarew.pl\/wp-content\/uploads\/2019\/09\/69765718_353203718893330_8609643844734025728_n-150x150.jpg\" alt=\"69765718_353203718893330_8609643844734025728_n\" width=\"150\" height=\"150\" \/><\/a>naszej szk\u00f3\u0142ki PZW Narew &#8222;Tr\u00f3jka Leszcze&#8221; uczestniczyli w zawodach zorganizowanych przez Komisj\u0119 M\u0142odzie\u017cow\u0105 OM PZW.\u00a0 W zawodach wzi\u0119\u0142o udzia\u0142 101 m\u0142odych zawodnik\u00f3w w trzech kategoriach wiekowych: U-12, U-14 i U-16, oraz w kategorii integracyjnej. \u0141\u0105cznie zg\u0142oszono 17 dru\u017cyn.\u00a0 Pogoda w tym dniu nie sprzyja\u0142a zawodnikom. Przez ca\u0142e zawody pada\u0142 deszcz. Ryby pomimo deszczu wsp\u00f3\u0142pracowa\u0142y z zawodnikami. \u0141owiono g\u0142\u00f3wnie ukleje, p\u0142ocie i leszcze.. Po zako\u0144czeniu \u0142owienia na wszystkich uczestnik\u00f3w czeka\u0142 gor\u0105cy posi\u0142ek, po kt\u00f3rym rozpocz\u0119to ceremoni\u0119 nagradzania najlepszych zawodnik\u00f3w i zawodniczek. Nasza dru\u017cna &#8222;Tr\u00f3jka Leszcze&#8221; zaj\u0119\u0142a 4 miejsce w kwalifikacji ko\u0144cowej dru\u017cynowej.<!--more--><\/p>\n<p><a href=\"http:\/\/www.pzwnarew.pl\/gallery_pzw\/thumbnails.php?album=276\"><img loading=\"lazy\" decoding=\"async\" class=\"aligncenter size-full wp-image-4190\" src=\"http:\/\/www.pzwnarew.pl\/wp-content\/uploads\/2013\/04\/play-galeria.jpg\" alt=\"play galeria\" width=\"342\" height=\"213\" srcset=\"https:\/\/www.pzwnarew.pl\/wp-content\/uploads\/2013\/04\/play-galeria.jpg 342w, https:\/\/www.pzwnarew.pl\/wp-content\/uploads\/2013\/04\/play-galeria-300x186.jpg 300w\" sizes=\"auto, (max-width: 342px) 100vw, 342px\" \/><\/a><\/p>\n<p>&nbsp;<\/p>\n","protected":false},"excerpt":{"rendered":"<p>W niedziel\u0119 8 wrze\u015bnia 2019 r. na Kanale \u017bera\u0144skim w Kobia\u0142ce odby\u0142 si\u0119 zawody sp\u0142awikowe. M\u0142odzi w\u0119dkarz z naszej szk\u00f3\u0142ki PZW Narew &#8222;Tr\u00f3jka Leszcze&#8221; uczestniczyli w zawodach zorganizowanych przez Komisj\u0119 M\u0142odzie\u017cow\u0105 OM PZW.\u00a0 W zawodach wzi\u0119\u0142o udzia\u0142 101 m\u0142odych zawodnik\u00f3w w trzech kategoriach wiekowych: U-12, U-14 i U-16, oraz w kategorii integracyjnej. \u0141\u0105cznie zg\u0142oszono 17 dru\u017cyn.\u00a0 Pogoda w tym dniu nie sprzyja\u0142a zawodnikom. Przez ca\u0142e zawody pada\u0142 deszcz. Ryby pomimo deszczu wsp\u00f3\u0142pracowa\u0142y z zawodnikami. \u0141owiono g\u0142\u00f3wnie ukleje, p\u0142ocie i leszcze&#8230;..<\/p>\n<p class=\"read-more\"><a class=\"btn btn-default\" href=\"https:\/\/www.pzwnarew.pl\/?p=8480\"> Read More<span class=\"screen-reader-text\">  Read More<\/span><\/a><\/p>\n","protected":false},"author":2,"featured_media":0,"comment_status":"open","ping_status":"closed","sticky":false,"template":"","format":"standard","meta":{"footnotes":""},"categories":[20,27],"tags":[],"class_list":["post-8480","post","type-post","status-publish","format-standard","hentry","category-newsy","category-trojna"],"_links":{"self":[{"href":"https:\/\/www.pzwnarew.pl\/index.php?rest_route=\/wp\/v2\/posts\/8480","targetHints":{"allow":["GET"]}}],"collection":[{"href":"https:\/\/www.pzwnarew.pl\/index.php?rest_route=\/wp\/v2\/posts"}],"about":[{"href":"https:\/\/www.pzwnarew.pl\/index.php?rest_route=\/wp\/v2\/types\/post"}],"author":[{"embeddable":true,"href":"https:\/\/www.pzwnarew.pl\/index.php?rest_route=\/wp\/v2\/users\/2"}],"replies":[{"embeddable":true,"href":"https:\/\/www.pzwnarew.pl\/index.php?rest_route=%2Fwp%2Fv2%2Fcomments&post=8480"}],"version-history":[{"count":4,"href":"https:\/\/www.pzwnarew.pl\/index.php?rest_route=\/wp\/v2\/posts\/8480\/revisions"}],"predecessor-version":[{"id":8485,"href":"https:\/\/www.pzwnarew.pl\/index.php?rest_route=\/wp\/v2\/posts\/8480\/revisions\/8485"}],"wp:attachment":[{"href":"https:\/\/www.pzwnarew.pl\/index.php?rest_route=%2Fwp%2Fv2%2Fmedia&parent=8480"}],"wp:term":[{"taxonomy":"category","embeddable":true,"href":"https:\/\/www.pzwnarew.pl\/index.php?rest_route=%2Fwp%2Fv2%2Fcategories&post=8480"},{"taxonomy":"post_tag","embeddable":true,"href":"https:\/\/www.pzwnarew.pl\/index.php?rest_route=%2Fwp%2Fv2%2Ftags&post=8480"}],"curies":[{"name":"wp","href":"https:\/\/api.w.org\/{rel}","templated":true}]}}