{"id":8464,"date":"2019-08-26T13:00:51","date_gmt":"2019-08-26T11:00:51","guid":{"rendered":"http:\/\/www.pzwnarew.pl\/?p=8464"},"modified":"2019-08-29T20:28:08","modified_gmt":"2019-08-29T18:28:08","slug":"nasi-zwyciezcy-z-zawodow-miodobrania-kurpiowskiego","status":"publish","type":"post","link":"https:\/\/www.pzwnarew.pl\/?p=8464","title":{"rendered":"NASI ZWYCI\u0118ZCY Z ZAWOD\u00d3W MIODOBRANIA KURPIOWSKIEGO"},"content":{"rendered":"<p>W dniu 25 sierpnia w trakcie miodobrania kurpiowskiego cyklicznej imprezy regionalne odby\u0142y si\u0119 zawody <a href=\"http:\/\/www.pzwnarew.pl\/wp-content\/uploads\/2019\/08\/DSC_0250.jpg\"><img loading=\"lazy\" decoding=\"async\" class=\"alignright size-thumbnail wp-image-8465\" src=\"http:\/\/www.pzwnarew.pl\/wp-content\/uploads\/2019\/08\/DSC_0250-150x150.jpg\" alt=\"DSC_0250\" width=\"150\" height=\"150\" \/><\/a>w\u0119dkarskie: sp\u0142awikowe i spinningowe .Nasze ko\u0142o wystawi\u0142o reprezentacje w obydwu imprezach.Juniorzy startuj\u0105c w zawodach sp\u0142awikowych odnie\u015bli sukces w kategorii junior do 10 lat zwyci\u0119\u017cy\u0142 Adrian Wi\u015bniewski natomiast w kategorii junior do 16 lat pierwsza tr\u00f3jka to Hubert Szczerbicki, Piotr Terlikowski, Jakub Brzuzy. Okupacja podium przez junior\u00f3w to nie wszystko, seniorzy w spinningu tak\u017ce tryumfowali, pierwsze miejsce to niezawodny nestor spinningu ZBIGNIEW LIS , drugi by\u0142 \u0141UKASZ ROMANIK a piaty PAWE\u0141 RUKASZ .Wszystkim zawodnikom dzi\u0119kujemy. Specjalne podzi\u0119kowanie nale\u017cy si\u0119 <strong>Grzegorzowi TYSZCE<\/strong> trenerowi m\u0142odzie\u017cowemu za du\u017cy osobisty wk\u0142ad w przygotowanie naszej m\u0142odzie\u017cowej reprezentacji.<!--more--><\/p>\n<p><a href=\"http:\/\/www.pzwnarew.pl\/wp-content\/uploads\/2019\/08\/DSC_0250.jpg\"><img loading=\"lazy\" decoding=\"async\" class=\" size-medium wp-image-8465 aligncenter\" src=\"http:\/\/www.pzwnarew.pl\/wp-content\/uploads\/2019\/08\/DSC_0250-300x169.jpg\" alt=\"DSC_0250\" width=\"300\" height=\"169\" srcset=\"https:\/\/www.pzwnarew.pl\/wp-content\/uploads\/2019\/08\/DSC_0250-300x169.jpg 300w, https:\/\/www.pzwnarew.pl\/wp-content\/uploads\/2019\/08\/DSC_0250-1024x576.jpg 1024w\" sizes=\"auto, (max-width: 300px) 100vw, 300px\" \/><\/a><\/p>\n<p><a href=\"http:\/\/www.pzwnarew.pl\/wp-content\/uploads\/2019\/08\/DSC_0248.jpg\"><img loading=\"lazy\" decoding=\"async\" class=\"aligncenter size-medium wp-image-8466\" src=\"http:\/\/www.pzwnarew.pl\/wp-content\/uploads\/2019\/08\/DSC_0248-300x169.jpg\" alt=\"DSC_0248\" width=\"300\" height=\"169\" srcset=\"https:\/\/www.pzwnarew.pl\/wp-content\/uploads\/2019\/08\/DSC_0248-300x169.jpg 300w, https:\/\/www.pzwnarew.pl\/wp-content\/uploads\/2019\/08\/DSC_0248-1024x576.jpg 1024w\" sizes=\"auto, (max-width: 300px) 100vw, 300px\" \/><\/a><\/p>\n<p><a href=\"http:\/\/www.pzwnarew.pl\/wp-content\/uploads\/2019\/08\/DSC_0247.jpg\"><img loading=\"lazy\" decoding=\"async\" class=\"aligncenter size-medium wp-image-8467\" src=\"http:\/\/www.pzwnarew.pl\/wp-content\/uploads\/2019\/08\/DSC_0247-300x169.jpg\" alt=\"DSC_0247\" width=\"300\" height=\"169\" srcset=\"https:\/\/www.pzwnarew.pl\/wp-content\/uploads\/2019\/08\/DSC_0247-300x169.jpg 300w, https:\/\/www.pzwnarew.pl\/wp-content\/uploads\/2019\/08\/DSC_0247-1024x576.jpg 1024w\" sizes=\"auto, (max-width: 300px) 100vw, 300px\" \/><\/a> <a href=\"http:\/\/www.pzwnarew.pl\/wp-content\/uploads\/2019\/08\/PART_1566724351078.jpeg\"><img loading=\"lazy\" decoding=\"async\" class=\"aligncenter size-medium wp-image-8468\" src=\"http:\/\/www.pzwnarew.pl\/wp-content\/uploads\/2019\/08\/PART_1566724351078-225x300.jpeg\" alt=\"PART_1566724351078\" width=\"225\" height=\"300\" srcset=\"https:\/\/www.pzwnarew.pl\/wp-content\/uploads\/2019\/08\/PART_1566724351078-225x300.jpeg 225w, https:\/\/www.pzwnarew.pl\/wp-content\/uploads\/2019\/08\/PART_1566724351078.jpeg 706w\" sizes=\"auto, (max-width: 225px) 100vw, 225px\" \/><\/a><\/p>\n","protected":false},"excerpt":{"rendered":"<p>W dniu 25 sierpnia w trakcie miodobrania kurpiowskiego cyklicznej imprezy regionalne odby\u0142y si\u0119 zawody w\u0119dkarskie: sp\u0142awikowe i spinningowe .Nasze ko\u0142o wystawi\u0142o reprezentacje w obydwu imprezach.Juniorzy startuj\u0105c w zawodach sp\u0142awikowych odnie\u015bli sukces w kategorii junior do 10 lat zwyci\u0119\u017cy\u0142 Adrian Wi\u015bniewski natomiast w kategorii junior do 16 lat pierwsza tr\u00f3jka to Hubert Szczerbicki, Piotr Terlikowski, Jakub Brzuzy. Okupacja podium przez junior\u00f3w to nie wszystko, seniorzy w spinningu tak\u017ce tryumfowali, pierwsze miejsce to niezawodny nestor spinningu ZBIGNIEW LIS , drugi by\u0142 \u0141UKASZ&#8230;<\/p>\n<p class=\"read-more\"><a class=\"btn btn-default\" href=\"https:\/\/www.pzwnarew.pl\/?p=8464\"> Read More<span class=\"screen-reader-text\">  Read More<\/span><\/a><\/p>\n","protected":false},"author":4,"featured_media":0,"comment_status":"open","ping_status":"closed","sticky":false,"template":"","format":"standard","meta":{"footnotes":""},"categories":[20],"tags":[],"class_list":["post-8464","post","type-post","status-publish","format-standard","hentry","category-newsy"],"_links":{"self":[{"href":"https:\/\/www.pzwnarew.pl\/index.php?rest_route=\/wp\/v2\/posts\/8464","targetHints":{"allow":["GET"]}}],"collection":[{"href":"https:\/\/www.pzwnarew.pl\/index.php?rest_route=\/wp\/v2\/posts"}],"about":[{"href":"https:\/\/www.pzwnarew.pl\/index.php?rest_route=\/wp\/v2\/types\/post"}],"author":[{"embeddable":true,"href":"https:\/\/www.pzwnarew.pl\/index.php?rest_route=\/wp\/v2\/users\/4"}],"replies":[{"embeddable":true,"href":"https:\/\/www.pzwnarew.pl\/index.php?rest_route=%2Fwp%2Fv2%2Fcomments&post=8464"}],"version-history":[{"count":2,"href":"https:\/\/www.pzwnarew.pl\/index.php?rest_route=\/wp\/v2\/posts\/8464\/revisions"}],"predecessor-version":[{"id":8471,"href":"https:\/\/www.pzwnarew.pl\/index.php?rest_route=\/wp\/v2\/posts\/8464\/revisions\/8471"}],"wp:attachment":[{"href":"https:\/\/www.pzwnarew.pl\/index.php?rest_route=%2Fwp%2Fv2%2Fmedia&parent=8464"}],"wp:term":[{"taxonomy":"category","embeddable":true,"href":"https:\/\/www.pzwnarew.pl\/index.php?rest_route=%2Fwp%2Fv2%2Fcategories&post=8464"},{"taxonomy":"post_tag","embeddable":true,"href":"https:\/\/www.pzwnarew.pl\/index.php?rest_route=%2Fwp%2Fv2%2Ftags&post=8464"}],"curies":[{"name":"wp","href":"https:\/\/api.w.org\/{rel}","templated":true}]}}