{"id":8451,"date":"2019-07-30T11:38:05","date_gmt":"2019-07-30T09:38:05","guid":{"rendered":"http:\/\/www.pzwnarew.pl\/?p=8451"},"modified":"2019-08-11T21:50:28","modified_gmt":"2019-08-11T19:50:28","slug":"nasi-juniorzy-zwyciezcy-na-zbiorniku-w-lojach","status":"publish","type":"post","link":"https:\/\/www.pzwnarew.pl\/?p=8451","title":{"rendered":"NASI JUNIORZY ZWYCI\u0118ZCY NA ZBIORNIKU W \u0141OJACH"},"content":{"rendered":"<p>W dniu 28 lipca br na zbiorniku \u0141oje ko\u0142o <a href=\"http:\/\/www.pzwnarew.pl\/wp-content\/uploads\/2019\/07\/\u0141oje-Cup.jpg\"><img loading=\"lazy\" decoding=\"async\" class=\"alignright size-thumbnail wp-image-8452\" src=\"http:\/\/www.pzwnarew.pl\/wp-content\/uploads\/2019\/07\/\u0141oje-Cup-150x150.jpg\" alt=\"\u0141oje Cup\" width=\"150\" height=\"150\" \/><\/a>Przasnysza rozegrano zawody sp\u0142awikowe &#8222;\u0141oje Cup&#8221; w trzech kategoriach senior, junior do 12 lat junior do 16 lat. Reprezentaci naszego ko\u0142a zaj\u0119li dwa czo\u0142owe miejsca , Piotr Terlikowski by\u0142 pierszy a Sebastian Bazyd\u0142o drugi w kat, junior do 16 lat. Serdeczne podzi\u0119kowanie dla sklepu wedkarskiego &#8222;LIN&#8221; za zapewnione m\u0142odym zawodnikom\u00a0 zestaw\u00f3w \u017cywych przyn\u0119t na zawody.<!--more--><\/p>\n<p>Podzi\u0119kowania dla trener\u00f3w Grzegorza Tyszki i\u00a0 Anny i Paw\u0142a Bazyd\u0142\u00f3w za opiek\u0119 i fachowa pomoc.<a href=\"http:\/\/www.pzwnarew.pl\/wp-content\/uploads\/2019\/07\/\u0141oje.jpg\"><img loading=\"lazy\" decoding=\"async\" class=\"aligncenter size-medium wp-image-8453\" src=\"http:\/\/www.pzwnarew.pl\/wp-content\/uploads\/2019\/07\/\u0141oje-300x223.jpg\" alt=\"\u0141oje\" width=\"300\" height=\"223\" srcset=\"https:\/\/www.pzwnarew.pl\/wp-content\/uploads\/2019\/07\/\u0141oje-300x223.jpg 300w, https:\/\/www.pzwnarew.pl\/wp-content\/uploads\/2019\/07\/\u0141oje.jpg 969w\" sizes=\"auto, (max-width: 300px) 100vw, 300px\" \/><\/a><\/p>\n<p>&nbsp;<\/p>\n","protected":false},"excerpt":{"rendered":"<p>W dniu 28 lipca br na zbiorniku \u0141oje ko\u0142o Przasnysza rozegrano zawody sp\u0142awikowe &#8222;\u0141oje Cup&#8221; w trzech kategoriach senior, junior do 12 lat junior do 16 lat. Reprezentaci naszego ko\u0142a zaj\u0119li dwa czo\u0142owe miejsca , Piotr Terlikowski by\u0142 pierszy a Sebastian Bazyd\u0142o drugi w kat, junior do 16 lat. Serdeczne podzi\u0119kowanie dla sklepu wedkarskiego &#8222;LIN&#8221; za zapewnione m\u0142odym zawodnikom\u00a0 zestaw\u00f3w \u017cywych przyn\u0119t na zawody.<\/p>\n","protected":false},"author":4,"featured_media":0,"comment_status":"open","ping_status":"closed","sticky":false,"template":"","format":"standard","meta":{"footnotes":""},"categories":[20],"tags":[],"class_list":["post-8451","post","type-post","status-publish","format-standard","hentry","category-newsy"],"_links":{"self":[{"href":"https:\/\/www.pzwnarew.pl\/index.php?rest_route=\/wp\/v2\/posts\/8451","targetHints":{"allow":["GET"]}}],"collection":[{"href":"https:\/\/www.pzwnarew.pl\/index.php?rest_route=\/wp\/v2\/posts"}],"about":[{"href":"https:\/\/www.pzwnarew.pl\/index.php?rest_route=\/wp\/v2\/types\/post"}],"author":[{"embeddable":true,"href":"https:\/\/www.pzwnarew.pl\/index.php?rest_route=\/wp\/v2\/users\/4"}],"replies":[{"embeddable":true,"href":"https:\/\/www.pzwnarew.pl\/index.php?rest_route=%2Fwp%2Fv2%2Fcomments&post=8451"}],"version-history":[{"count":3,"href":"https:\/\/www.pzwnarew.pl\/index.php?rest_route=\/wp\/v2\/posts\/8451\/revisions"}],"predecessor-version":[{"id":8457,"href":"https:\/\/www.pzwnarew.pl\/index.php?rest_route=\/wp\/v2\/posts\/8451\/revisions\/8457"}],"wp:attachment":[{"href":"https:\/\/www.pzwnarew.pl\/index.php?rest_route=%2Fwp%2Fv2%2Fmedia&parent=8451"}],"wp:term":[{"taxonomy":"category","embeddable":true,"href":"https:\/\/www.pzwnarew.pl\/index.php?rest_route=%2Fwp%2Fv2%2Fcategories&post=8451"},{"taxonomy":"post_tag","embeddable":true,"href":"https:\/\/www.pzwnarew.pl\/index.php?rest_route=%2Fwp%2Fv2%2Ftags&post=8451"}],"curies":[{"name":"wp","href":"https:\/\/api.w.org\/{rel}","templated":true}]}}