{"id":8440,"date":"2019-07-09T16:19:13","date_gmt":"2019-07-09T14:19:13","guid":{"rendered":"http:\/\/www.pzwnarew.pl\/?p=8440"},"modified":"2019-08-29T20:28:51","modified_gmt":"2019-08-29T18:28:51","slug":"zloty-sebastian","status":"publish","type":"post","link":"https:\/\/www.pzwnarew.pl\/?p=8440","title":{"rendered":"Z\u0141OTY SEBASTIAN i sp\u00f3\u0142ka"},"content":{"rendered":"<p>W dniach 6 i 7 lipca w Dobrzyniu n\/Wis\u0142\u0105 odby\u0142a si\u0119 XIII Olimpiada M\u0142odzie\u017cy w Sportach W\u0119dkarskich <a href=\"http:\/\/www.pzwnarew.pl\/wp-content\/uploads\/2019\/07\/IMG_20190707_163410341.jpg\"><img loading=\"lazy\" decoding=\"async\" class=\"alignright size-thumbnail wp-image-8441\" src=\"http:\/\/www.pzwnarew.pl\/wp-content\/uploads\/2019\/07\/IMG_20190707_163410341-150x150.jpg\" alt=\"IMG_20190707_163410341\" width=\"150\" height=\"150\" \/><\/a>organizowana corocznie przez Okr\u0119g Mazowiecki PZW. W tym roku nasz zawodnik Sebastian Bazyd\u0142o mi\u0142o nas zaskoczy\u0142 , zaj\u0105\u0142 pierwsze miejsce w klasyfikacji indywidualnej Kadet U-14.Jego osi\u0105gni\u0119cie jest sukcesem nie tylko jego ale tak\u017ce trener\u00f3w ( rodzic\u00f3w) oraz opiekun\u00f3w szk\u00f3\u0142ki w\u0119dkarskiej &#8222;Tr\u00f3jka Leszcze&#8221;<!--more--><\/p>\n<p><a href=\"http:\/\/www.pzwnarew.pl\/wp-content\/uploads\/2019\/07\/IMG_20190707_163410341.jpg\"><img loading=\"lazy\" decoding=\"async\" class=\"aligncenter size-medium wp-image-8441\" src=\"http:\/\/www.pzwnarew.pl\/wp-content\/uploads\/2019\/07\/IMG_20190707_163410341-300x225.jpg\" alt=\"IMG_20190707_163410341\" width=\"300\" height=\"225\" srcset=\"https:\/\/www.pzwnarew.pl\/wp-content\/uploads\/2019\/07\/IMG_20190707_163410341-300x225.jpg 300w, https:\/\/www.pzwnarew.pl\/wp-content\/uploads\/2019\/07\/IMG_20190707_163410341-1024x768.jpg 1024w\" sizes=\"auto, (max-width: 300px) 100vw, 300px\" \/><\/a><\/p>\n<p><a href=\"http:\/\/www.pzwnarew.pl\/wp-content\/uploads\/2019\/07\/IMG_20190707_163729279.jpg\"><img loading=\"lazy\" decoding=\"async\" class=\"aligncenter size-medium wp-image-8442\" src=\"http:\/\/www.pzwnarew.pl\/wp-content\/uploads\/2019\/07\/IMG_20190707_163729279-225x300.jpg\" alt=\"IMG_20190707_163729279\" width=\"225\" height=\"300\" srcset=\"https:\/\/www.pzwnarew.pl\/wp-content\/uploads\/2019\/07\/IMG_20190707_163729279-225x300.jpg 225w, https:\/\/www.pzwnarew.pl\/wp-content\/uploads\/2019\/07\/IMG_20190707_163729279-768x1024.jpg 768w\" sizes=\"auto, (max-width: 225px) 100vw, 225px\" \/><\/a><\/p>\n<p>&nbsp;<\/p>\n<p>Przebojowa pi\u0105tka z &#8222;tr\u00f3jki leszcze&#8221;<\/p>\n<p><a href=\"http:\/\/www.pzwnarew.pl\/wp-content\/uploads\/2019\/07\/DSC_0174.jpg\"><img loading=\"lazy\" decoding=\"async\" class=\"aligncenter size-medium wp-image-8445\" src=\"http:\/\/www.pzwnarew.pl\/wp-content\/uploads\/2019\/07\/DSC_0174-300x169.jpg\" alt=\"DSC_0174\" width=\"300\" height=\"169\" srcset=\"https:\/\/www.pzwnarew.pl\/wp-content\/uploads\/2019\/07\/DSC_0174-300x169.jpg 300w, https:\/\/www.pzwnarew.pl\/wp-content\/uploads\/2019\/07\/DSC_0174-1024x576.jpg 1024w\" sizes=\"auto, (max-width: 300px) 100vw, 300px\" \/><\/a><\/p>\n<p>Od lewej : Hubert Szczerbicki, Damian Wi\u015bniewski, Adrian Wi\u015bniewski, Jakub Brzuzy, Sebastian Bazyd\u0142o.<\/p>\n","protected":false},"excerpt":{"rendered":"<p>W dniach 6 i 7 lipca w Dobrzyniu n\/Wis\u0142\u0105 odby\u0142a si\u0119 XIII Olimpiada M\u0142odzie\u017cy w Sportach W\u0119dkarskich organizowana corocznie przez Okr\u0119g Mazowiecki PZW. W tym roku nasz zawodnik Sebastian Bazyd\u0142o mi\u0142o nas zaskoczy\u0142 , zaj\u0105\u0142 pierwsze miejsce w klasyfikacji indywidualnej Kadet U-14.Jego osi\u0105gni\u0119cie jest sukcesem nie tylko jego ale tak\u017ce trener\u00f3w ( rodzic\u00f3w) oraz opiekun\u00f3w szk\u00f3\u0142ki w\u0119dkarskiej &#8222;Tr\u00f3jka Leszcze&#8221;<\/p>\n","protected":false},"author":4,"featured_media":0,"comment_status":"open","ping_status":"closed","sticky":false,"template":"","format":"standard","meta":{"footnotes":""},"categories":[20],"tags":[],"class_list":["post-8440","post","type-post","status-publish","format-standard","hentry","category-newsy"],"_links":{"self":[{"href":"https:\/\/www.pzwnarew.pl\/index.php?rest_route=\/wp\/v2\/posts\/8440","targetHints":{"allow":["GET"]}}],"collection":[{"href":"https:\/\/www.pzwnarew.pl\/index.php?rest_route=\/wp\/v2\/posts"}],"about":[{"href":"https:\/\/www.pzwnarew.pl\/index.php?rest_route=\/wp\/v2\/types\/post"}],"author":[{"embeddable":true,"href":"https:\/\/www.pzwnarew.pl\/index.php?rest_route=\/wp\/v2\/users\/4"}],"replies":[{"embeddable":true,"href":"https:\/\/www.pzwnarew.pl\/index.php?rest_route=%2Fwp%2Fv2%2Fcomments&post=8440"}],"version-history":[{"count":5,"href":"https:\/\/www.pzwnarew.pl\/index.php?rest_route=\/wp\/v2\/posts\/8440\/revisions"}],"predecessor-version":[{"id":8472,"href":"https:\/\/www.pzwnarew.pl\/index.php?rest_route=\/wp\/v2\/posts\/8440\/revisions\/8472"}],"wp:attachment":[{"href":"https:\/\/www.pzwnarew.pl\/index.php?rest_route=%2Fwp%2Fv2%2Fmedia&parent=8440"}],"wp:term":[{"taxonomy":"category","embeddable":true,"href":"https:\/\/www.pzwnarew.pl\/index.php?rest_route=%2Fwp%2Fv2%2Fcategories&post=8440"},{"taxonomy":"post_tag","embeddable":true,"href":"https:\/\/www.pzwnarew.pl\/index.php?rest_route=%2Fwp%2Fv2%2Ftags&post=8440"}],"curies":[{"name":"wp","href":"https:\/\/api.w.org\/{rel}","templated":true}]}}