{"id":8424,"date":"2019-06-30T19:03:43","date_gmt":"2019-06-30T17:03:43","guid":{"rendered":"http:\/\/www.pzwnarew.pl\/?p=8424"},"modified":"2019-06-30T20:20:22","modified_gmt":"2019-06-30T18:20:22","slug":"udany-trzynasty-maraton","status":"publish","type":"post","link":"https:\/\/www.pzwnarew.pl\/?p=8424","title":{"rendered":"Trzynasta edycja Maratonu w\u0119dkarskiego"},"content":{"rendered":"<p>W dniach 29 i 30 czerwca\u00a0 16 dwuosobowych dru\u017cyn z K\u00f3\u0142 Narew i R\u00f3\u017canka z R\u00f3\u017cana wzi\u0119\u0142o udzia\u0142 w maratonie <a href=\"http:\/\/www.pzwnarew.pl\/wp-content\/uploads\/2019\/06\/IMG_0101.jpg\"><img loading=\"lazy\" decoding=\"async\" class=\"alignright size-thumbnail wp-image-8429\" src=\"http:\/\/www.pzwnarew.pl\/wp-content\/uploads\/2019\/06\/IMG_0101-150x150.jpg\" alt=\"IMG_0101\" width=\"150\" height=\"150\" \/><\/a>w\u0119dkarskim. Impreza ta mimo ze komercyjna cieszy si\u0119 du\u017cym zainteresowaniem od kilku lat. W tym roku pomimo niskiego stanu wody i niezno\u015bnego upa\u0142u zawodnicy stan\u0119li do ostrej walki. Patrz\u0105c na wyniki to od 5 do 8 miejsca r\u00f3\u017cnica pomi\u0119dzy dru\u017cynami by\u0142a niewielka .<\/p>\n<p><strong>Prezydent Miasta Ostro\u0142\u0119ki<\/strong> ufundowa\u0142\u00a0 nagrod\u0119 dla najlepszego zawodnika maratonu. okaza\u0142 si\u0119 nim niezr\u00f3wnany \u0141ukasz Romanik kt\u00f3ry z\u0142owi\u0142 ponad 17 kg ryb. Honory mistrza ceremonii wr\u0119czania pe\u0142ni\u0142 Wiceprezydent Ostro\u0142\u0119ki Maciej Kleczkowski.<\/p>\n<p>Poni\u017cej prezentujemy wyniki pi\u0119ciu pierwszych dru\u017cyn:\u00a0 <!--more--><\/p>\n<ol>\n<li>Romanik \u0141ukasz, Lis Zbigniew &#8211; 28846 pkt.<\/li>\n<li>Kuszneruk Grzegorz, Dami\u0119cki Robert \u2013 15550 pkt.<\/li>\n<li>Tyszka Grzegorz, Terlikowski Piotr \u2013 11580 pkt.<\/li>\n<li>Dreas Ryszard, Nowak Jaros\u0142aw \u2013 9150 pkt.<\/li>\n<li>Jastrz\u0119bski Rafa\u0142, Gr\u0105dzki Tomasz \u2013 6005 pkt.<\/li>\n<\/ol>\n<p>Uhonorowana pucharami r\u00f3wnie\u017c zosta\u0142a 13 dru\u017cyna z okazji 13 Maratonu w\u0119dkarskiego oraz Mariola Pysk\u0142o, Piotr Terlikowski, Dawidczyk Patryk . Puchary za najwi\u0119ksze z\u0142owione ryby otrzymali: Dami\u0119cki Robert za Leszcza, \u00a0 Brz\u00f3zy Mariusz za Sandacza.<\/p>\n<p>Dzi\u0119kujemy ca\u0142ej obs\u0142udze oraz naszym kucharkom za gulasz, og\u00f3rki i grilla. Kolacje dostarczy\u0142a nam na miejsce restauracja &#8222;LUNA NAD NARWI\u0104&#8221;.<\/p>\n<p>Wielkie podzi\u0119kowania dla sponsor\u00f3w: Prezydent Miasta Ostro\u0142\u0119ki, Sklep w\u0119dkarski LIN, Przydomowe oczyszczalnie HYDRO-MONTER, Piekarnia Rycharski.<\/p>\n<p><a href=\"http:\/\/www.pzwnarew.pl\/gallery_pzw\/thumbnails.php?album=275\"><img loading=\"lazy\" decoding=\"async\" class=\" size-full wp-image-4190 aligncenter\" src=\"http:\/\/www.pzwnarew.pl\/wp-content\/uploads\/2013\/04\/play-galeria.jpg\" alt=\"play galeria\" width=\"342\" height=\"213\" srcset=\"https:\/\/www.pzwnarew.pl\/wp-content\/uploads\/2013\/04\/play-galeria.jpg 342w, https:\/\/www.pzwnarew.pl\/wp-content\/uploads\/2013\/04\/play-galeria-300x186.jpg 300w\" sizes=\"auto, (max-width: 342px) 100vw, 342px\" \/><\/a><\/p>\n<p>Sponsorzy:<\/p>\n<p><a href=\"http:\/\/www.pzwnarew.pl\/wp-content\/uploads\/2019\/06\/loga.jpg\"><img loading=\"lazy\" decoding=\"async\" class=\"alignleft wp-image-8437 size-large\" src=\"http:\/\/www.pzwnarew.pl\/wp-content\/uploads\/2019\/06\/loga-1024x521.jpg\" alt=\"loga\" width=\"640\" height=\"326\" srcset=\"https:\/\/www.pzwnarew.pl\/wp-content\/uploads\/2019\/06\/loga-1024x521.jpg 1024w, https:\/\/www.pzwnarew.pl\/wp-content\/uploads\/2019\/06\/loga-300x153.jpg 300w, https:\/\/www.pzwnarew.pl\/wp-content\/uploads\/2019\/06\/loga.jpg 1151w\" sizes=\"auto, (max-width: 640px) 100vw, 640px\" \/><\/a><\/p>\n","protected":false},"excerpt":{"rendered":"<p>W dniach 29 i 30 czerwca\u00a0 16 dwuosobowych dru\u017cyn z K\u00f3\u0142 Narew i R\u00f3\u017canka z R\u00f3\u017cana wzi\u0119\u0142o udzia\u0142 w maratonie w\u0119dkarskim. Impreza ta mimo ze komercyjna cieszy si\u0119 du\u017cym zainteresowaniem od kilku lat. W tym roku pomimo niskiego stanu wody i niezno\u015bnego upa\u0142u zawodnicy stan\u0119li do ostrej walki. Patrz\u0105c na wyniki to od 5 do 8 miejsca r\u00f3\u017cnica pomi\u0119dzy dru\u017cynami by\u0142a niewielka . Prezydent Miasta Ostro\u0142\u0119ki ufundowa\u0142\u00a0 nagrod\u0119 dla najlepszego zawodnika maratonu. okaza\u0142 si\u0119 nim niezr\u00f3wnany \u0141ukasz Romanik kt\u00f3ry z\u0142owi\u0142&#8230;<\/p>\n<p class=\"read-more\"><a class=\"btn btn-default\" href=\"https:\/\/www.pzwnarew.pl\/?p=8424\"> Read More<span class=\"screen-reader-text\">  Read More<\/span><\/a><\/p>\n","protected":false},"author":4,"featured_media":0,"comment_status":"open","ping_status":"closed","sticky":false,"template":"","format":"standard","meta":{"footnotes":""},"categories":[20,17],"tags":[],"class_list":["post-8424","post","type-post","status-publish","format-standard","hentry","category-newsy","category-imprezy"],"_links":{"self":[{"href":"https:\/\/www.pzwnarew.pl\/index.php?rest_route=\/wp\/v2\/posts\/8424","targetHints":{"allow":["GET"]}}],"collection":[{"href":"https:\/\/www.pzwnarew.pl\/index.php?rest_route=\/wp\/v2\/posts"}],"about":[{"href":"https:\/\/www.pzwnarew.pl\/index.php?rest_route=\/wp\/v2\/types\/post"}],"author":[{"embeddable":true,"href":"https:\/\/www.pzwnarew.pl\/index.php?rest_route=\/wp\/v2\/users\/4"}],"replies":[{"embeddable":true,"href":"https:\/\/www.pzwnarew.pl\/index.php?rest_route=%2Fwp%2Fv2%2Fcomments&post=8424"}],"version-history":[{"count":10,"href":"https:\/\/www.pzwnarew.pl\/index.php?rest_route=\/wp\/v2\/posts\/8424\/revisions"}],"predecessor-version":[{"id":8438,"href":"https:\/\/www.pzwnarew.pl\/index.php?rest_route=\/wp\/v2\/posts\/8424\/revisions\/8438"}],"wp:attachment":[{"href":"https:\/\/www.pzwnarew.pl\/index.php?rest_route=%2Fwp%2Fv2%2Fmedia&parent=8424"}],"wp:term":[{"taxonomy":"category","embeddable":true,"href":"https:\/\/www.pzwnarew.pl\/index.php?rest_route=%2Fwp%2Fv2%2Fcategories&post=8424"},{"taxonomy":"post_tag","embeddable":true,"href":"https:\/\/www.pzwnarew.pl\/index.php?rest_route=%2Fwp%2Fv2%2Ftags&post=8424"}],"curies":[{"name":"wp","href":"https:\/\/api.w.org\/{rel}","templated":true}]}}