{"id":842,"date":"2010-12-17T16:30:59","date_gmt":"2010-12-17T15:30:59","guid":{"rendered":"http:\/\/www.ostroleka.com.pl\/pzw-narew38\/?p=842"},"modified":"2011-03-26T18:50:12","modified_gmt":"2011-03-26T17:50:12","slug":"wigilia-2010-swiatecznie-w-narwi","status":"publish","type":"post","link":"https:\/\/www.pzwnarew.pl\/?p=842","title":{"rendered":"Wigilia 2010 &#8211; \u015aWI\u0104TECZNIE W &#8222;NARWI&#8221;"},"content":{"rendered":"<p><strong><a href=\"http:\/\/www.ostroleka.com.pl\/pzw-narew38\/wp-content\/uploads\/2011\/03\/wigilia_01.jpg\"><span style=\"color: #808000;\"><img loading=\"lazy\" decoding=\"async\" class=\"alignright size-thumbnail wp-image-843\" title=\"wigilia_01\" src=\"http:\/\/www.ostroleka.com.pl\/pzw-narew38\/wp-content\/uploads\/2011\/03\/wigilia_01-150x150.jpg\" alt=\"\" width=\"150\" height=\"150\" \/><\/span><\/a><span style=\"color: #99cc00;\"><span style=\"color: #808000;\">W dniu 17 grudnia 2010 r. tradycyjnie dzia\u0142acze i w\u0119dkarze z ko\u0142a PZW &#8222;Narew&#8221; w Ostro\u0142\u0119ce spotkali si\u0119 na wigilii w\u0119dkarskiej.<\/span><\/span><\/strong><\/p>\n<p>W\u0119dkarze dzielili si\u0119 op\u0142atkiem, \u017cycz\u0105c sobie lepszego roku, dobrych stan\u00f3w wody na Narwi oraz taaaaaakich ryb.<br \/>\nWr\u0119czono r\u00f3wnie\u017c pami\u0105tkowe statuetki za z\u0142owienie najwi\u0119kszych okaz\u00f3w w 2010 roku.<\/p>\n<p>Nagrodzeni to: Miros\u0142aw Nejman, Wojciech Krupka, Jerzy Kleczkowski, Wojciech Romanik, Andrzej Raszkiewicz i Rafa\u0142 Wojtkowiak. Tytu\u0142 &#8222;Eko-W\u0119dkarza 2010 roku&#8221; zdoby\u0142 Zbigniew Lis.<!--more--><\/p>\n<p><a href=\"http:\/\/www.ostroleka.com.pl\/pzw-narew38\/wp-content\/uploads\/2011\/03\/wigilia_02.jpg\"><img loading=\"lazy\" decoding=\"async\" class=\"alignleft size-thumbnail wp-image-844\" title=\"wigilia_02\" src=\"http:\/\/www.ostroleka.com.pl\/pzw-narew38\/wp-content\/uploads\/2011\/03\/wigilia_02-150x150.jpg\" alt=\"\" width=\"150\" height=\"150\" \/><\/a><a href=\"http:\/\/www.ostroleka.com.pl\/pzw-narew38\/wp-content\/uploads\/2011\/03\/wigilia_03.jpg\"><img loading=\"lazy\" decoding=\"async\" class=\"alignright size-thumbnail wp-image-845\" title=\"wigilia_03\" src=\"http:\/\/www.ostroleka.com.pl\/pzw-narew38\/wp-content\/uploads\/2011\/03\/wigilia_03-150x150.jpg\" alt=\"\" width=\"150\" height=\"150\" \/><\/a>Najserdeczniejsze \u017cyczenia: cudownych \u015awi\u0105t Bo\u017cego Narodzenia, rodzinnego ciep\u0142a i wielkiej rado\u015bci, \u015awi\u0105t daj\u0105cych rado\u015b\u0107 i odpoczynek oraz nadziej\u0119 na Nowy Rok W\u0119dkarzom, mieszka\u0144com Ostro\u0142\u0119ki oraz sympatykom w\u0119dkarstwa, sk\u0142ada Zarz\u0105d Ko\u0142a W\u0119dkarskiego nr 38 &#8222;Narew&#8221; w Ostro\u0142\u0119ce<\/p>\n<p style=\"text-align: right;\">Z w\u0119dkarskim pozdrowieniem<br \/>\nandraszoka<\/p>\n<p><a href=\"http:\/\/www.ostroleka.com.pl\/gallery_pzw\/thumbnails.php?album=70\" target=\"_blank\">Wi\u0119cej zdj\u0119\u0107 z Wigilii 2010 w galerii PZW &#8222;Narew&#8221; &gt;&gt;<\/a><\/p>\n","protected":false},"excerpt":{"rendered":"<p>W dniu 17 grudnia 2010 r. tradycyjnie dzia\u0142acze i w\u0119dkarze z ko\u0142a PZW &#8222;Narew&#8221; w Ostro\u0142\u0119ce spotkali si\u0119 na wigilii w\u0119dkarskiej. W\u0119dkarze dzielili si\u0119 op\u0142atkiem, \u017cycz\u0105c sobie lepszego roku, dobrych stan\u00f3w wody na Narwi oraz taaaaaakich ryb. Wr\u0119czono r\u00f3wnie\u017c pami\u0105tkowe statuetki za z\u0142owienie najwi\u0119kszych okaz\u00f3w w 2010 roku. Nagrodzeni to: Miros\u0142aw Nejman, Wojciech Krupka, Jerzy Kleczkowski, Wojciech Romanik, Andrzej Raszkiewicz i Rafa\u0142 Wojtkowiak. Tytu\u0142 &#8222;Eko-W\u0119dkarza 2010 roku&#8221; zdoby\u0142 Zbigniew Lis.<\/p>\n","protected":false},"author":1,"featured_media":0,"comment_status":"closed","ping_status":"closed","sticky":false,"template":"","format":"standard","meta":{"footnotes":""},"categories":[20],"tags":[],"class_list":["post-842","post","type-post","status-publish","format-standard","hentry","category-newsy"],"_links":{"self":[{"href":"https:\/\/www.pzwnarew.pl\/index.php?rest_route=\/wp\/v2\/posts\/842","targetHints":{"allow":["GET"]}}],"collection":[{"href":"https:\/\/www.pzwnarew.pl\/index.php?rest_route=\/wp\/v2\/posts"}],"about":[{"href":"https:\/\/www.pzwnarew.pl\/index.php?rest_route=\/wp\/v2\/types\/post"}],"author":[{"embeddable":true,"href":"https:\/\/www.pzwnarew.pl\/index.php?rest_route=\/wp\/v2\/users\/1"}],"replies":[{"embeddable":true,"href":"https:\/\/www.pzwnarew.pl\/index.php?rest_route=%2Fwp%2Fv2%2Fcomments&post=842"}],"version-history":[{"count":5,"href":"https:\/\/www.pzwnarew.pl\/index.php?rest_route=\/wp\/v2\/posts\/842\/revisions"}],"predecessor-version":[{"id":1028,"href":"https:\/\/www.pzwnarew.pl\/index.php?rest_route=\/wp\/v2\/posts\/842\/revisions\/1028"}],"wp:attachment":[{"href":"https:\/\/www.pzwnarew.pl\/index.php?rest_route=%2Fwp%2Fv2%2Fmedia&parent=842"}],"wp:term":[{"taxonomy":"category","embeddable":true,"href":"https:\/\/www.pzwnarew.pl\/index.php?rest_route=%2Fwp%2Fv2%2Fcategories&post=842"},{"taxonomy":"post_tag","embeddable":true,"href":"https:\/\/www.pzwnarew.pl\/index.php?rest_route=%2Fwp%2Fv2%2Ftags&post=842"}],"curies":[{"name":"wp","href":"https:\/\/api.w.org\/{rel}","templated":true}]}}