{"id":8389,"date":"2019-06-01T21:01:12","date_gmt":"2019-06-01T19:01:12","guid":{"rendered":"http:\/\/www.pzwnarew.pl\/?p=8389"},"modified":"2019-06-01T21:01:12","modified_gmt":"2019-06-01T19:01:12","slug":"spadli-ze-skutera-wodnego-na-pomoc-przyszli-straznicy","status":"publish","type":"post","link":"https:\/\/www.pzwnarew.pl\/?p=8389","title":{"rendered":"Spadli ze skutera wodnego. Na pomoc przyszli stra\u017cnicy."},"content":{"rendered":"<p><span class=\"_5yl5\">W dniu dzisiejszym (1.06.2019) stra\u017cnicy z naszego ko\u0142a PZW Narew w czasie rutynowego patrolu rzeki Narew, <a href=\"http:\/\/www.pzwnarew.pl\/wp-content\/uploads\/2019\/06\/61704783_448248635745885_4038101841945296896_n.jpg\"><img loading=\"lazy\" decoding=\"async\" class=\"alignright size-thumbnail wp-image-8391\" src=\"http:\/\/www.pzwnarew.pl\/wp-content\/uploads\/2019\/06\/61704783_448248635745885_4038101841945296896_n-150x150.jpg\" alt=\"61704783_448248635745885_4038101841945296896_n\" width=\"150\" height=\"150\" \/><\/a>p\u0142yn\u0105c motor\u00f3wk\u0105 na wysoko\u015bci miejscowo\u015bci Dzbenin, zauwa\u017cali dwie osoby w wodzie, kt\u00f3rym przewr\u00f3ci\u0142 si\u0119 skuter wodny. Na pomoc przyszli im nasi stra\u017cnicy. Gdy stra\u017cnicy dop\u0142yn\u0119li do miejsca wywr\u00f3conego skutera, 2 osoby b\u0119d\u0105ce w wodzie zd\u0105\u017cy\u0142y dop\u0142yn\u0105\u0107 samodzielnie do brzegu. Osoby nie potrzebowa\u0142y pomocy lekarskiej. Skuter wodny obr\u00f3cony zacz\u0105\u0142 p\u0142yn\u0105\u0107 z nurtem rzeki, a po chwili znik\u0142 pod wod\u0105. Po kilku metrach zaczepi\u0142 si\u0119 o drzewo le\u017c\u0105ce na dnie rzeki i lekko wynurzy\u0142 si\u0119. Stra\u017cnicy natychmiast podczepili skuter lin\u0105, obr\u00f3cili go i przetransportowali w miejsce os\u00f3b b\u0119d\u0105cych na brzegu. Gdyby nie szybka interwencja stra\u017cnik\u00f3w, prawdopodobnie skuter le\u017ca\u0142by na dnie i ci\u0119\u017cko by\u0142oby go namierzy\u0107 i wyci\u0105gn\u0105\u0107. Stra\u017cnicy ostrzegaj\u0105 wszystkich korzystaj\u0105cych z wypoczynku nad wod\u0105, by kierowali si\u0119 zdrowym rozs\u0105dkiem. Zabawa skuterem mog\u0142aby si\u0119 sko\u0144czy\u0107 tragedi\u0105. Na szcz\u0119\u015bcie nikomu nic si\u0119 nie sta\u0142o.<\/span><!--more--><\/p>\n<p><a href=\"http:\/\/www.pzwnarew.pl\/gallery_pzw\/thumbnails.php?album=272\"><img loading=\"lazy\" decoding=\"async\" class=\"aligncenter size-full wp-image-4190\" src=\"http:\/\/www.pzwnarew.pl\/wp-content\/uploads\/2013\/04\/play-galeria.jpg\" alt=\"play galeria\" width=\"342\" height=\"213\" srcset=\"https:\/\/www.pzwnarew.pl\/wp-content\/uploads\/2013\/04\/play-galeria.jpg 342w, https:\/\/www.pzwnarew.pl\/wp-content\/uploads\/2013\/04\/play-galeria-300x186.jpg 300w\" sizes=\"auto, (max-width: 342px) 100vw, 342px\" \/><\/a><\/p>\n","protected":false},"excerpt":{"rendered":"<p>W dniu dzisiejszym (1.06.2019) stra\u017cnicy z naszego ko\u0142a PZW Narew w czasie rutynowego patrolu rzeki Narew, p\u0142yn\u0105c motor\u00f3wk\u0105 na wysoko\u015bci miejscowo\u015bci Dzbenin, zauwa\u017cali dwie osoby w wodzie, kt\u00f3rym przewr\u00f3ci\u0142 si\u0119 skuter wodny. Na pomoc przyszli im nasi stra\u017cnicy. Gdy stra\u017cnicy dop\u0142yn\u0119li do miejsca wywr\u00f3conego skutera, 2 osoby b\u0119d\u0105ce w wodzie zd\u0105\u017cy\u0142y dop\u0142yn\u0105\u0107 samodzielnie do brzegu. Osoby nie potrzebowa\u0142y pomocy lekarskiej. Skuter wodny obr\u00f3cony zacz\u0105\u0142 p\u0142yn\u0105\u0107 z nurtem rzeki, a po chwili znik\u0142 pod wod\u0105. Po kilku metrach zaczepi\u0142 si\u0119 o&#8230;<\/p>\n<p class=\"read-more\"><a class=\"btn btn-default\" href=\"https:\/\/www.pzwnarew.pl\/?p=8389\"> Read More<span class=\"screen-reader-text\">  Read More<\/span><\/a><\/p>\n","protected":false},"author":2,"featured_media":0,"comment_status":"open","ping_status":"closed","sticky":false,"template":"","format":"standard","meta":{"footnotes":""},"categories":[20,24],"tags":[],"class_list":["post-8389","post","type-post","status-publish","format-standard","hentry","category-newsy","category-ochrona-wod"],"_links":{"self":[{"href":"https:\/\/www.pzwnarew.pl\/index.php?rest_route=\/wp\/v2\/posts\/8389","targetHints":{"allow":["GET"]}}],"collection":[{"href":"https:\/\/www.pzwnarew.pl\/index.php?rest_route=\/wp\/v2\/posts"}],"about":[{"href":"https:\/\/www.pzwnarew.pl\/index.php?rest_route=\/wp\/v2\/types\/post"}],"author":[{"embeddable":true,"href":"https:\/\/www.pzwnarew.pl\/index.php?rest_route=\/wp\/v2\/users\/2"}],"replies":[{"embeddable":true,"href":"https:\/\/www.pzwnarew.pl\/index.php?rest_route=%2Fwp%2Fv2%2Fcomments&post=8389"}],"version-history":[{"count":2,"href":"https:\/\/www.pzwnarew.pl\/index.php?rest_route=\/wp\/v2\/posts\/8389\/revisions"}],"predecessor-version":[{"id":8392,"href":"https:\/\/www.pzwnarew.pl\/index.php?rest_route=\/wp\/v2\/posts\/8389\/revisions\/8392"}],"wp:attachment":[{"href":"https:\/\/www.pzwnarew.pl\/index.php?rest_route=%2Fwp%2Fv2%2Fmedia&parent=8389"}],"wp:term":[{"taxonomy":"category","embeddable":true,"href":"https:\/\/www.pzwnarew.pl\/index.php?rest_route=%2Fwp%2Fv2%2Fcategories&post=8389"},{"taxonomy":"post_tag","embeddable":true,"href":"https:\/\/www.pzwnarew.pl\/index.php?rest_route=%2Fwp%2Fv2%2Ftags&post=8389"}],"curies":[{"name":"wp","href":"https:\/\/api.w.org\/{rel}","templated":true}]}}