{"id":8346,"date":"2019-05-14T16:38:17","date_gmt":"2019-05-14T14:38:17","guid":{"rendered":"http:\/\/www.pzwnarew.pl\/?p=8346"},"modified":"2019-05-14T19:43:12","modified_gmt":"2019-05-14T17:43:12","slug":"sprzatanie-brzegow-narwi-2","status":"publish","type":"post","link":"https:\/\/www.pzwnarew.pl\/?p=8346","title":{"rendered":"Sprz\u0105tanie brzeg\u00f3w Narwi"},"content":{"rendered":"<p>Sprz\u0105tanie brzegu Narwi, ca\u0142y kontener \u015bmieci tylko z odcinka kilkuset metrowego. W sprz\u0105tanie brzeg\u00f3w rzeki <a href=\"http:\/\/www.pzwnarew.pl\/wp-content\/uploads\/2019\/05\/zbieranie-smieci-korczaki-jpg_14_05_2019_11_31.jpg\"><img loading=\"lazy\" decoding=\"async\" class=\"alignright size-thumbnail wp-image-8347\" src=\"http:\/\/www.pzwnarew.pl\/wp-content\/uploads\/2019\/05\/zbieranie-smieci-korczaki-jpg_14_05_2019_11_31-150x150.jpg\" alt=\"zbieranie-smieci-korczaki-jpg_14_05_2019_11_31\" width=\"150\" height=\"150\" \/><\/a>w\u0142\u0105czyli si\u0119 m.in. so\u0142tys wsi Korczaki &#8211; Wojciech \u017bera\u0144ski cz\u0142onek naszego ko\u0142a PZW Narew, pracownicy z Nadle\u015bnictwa Ostro\u0142\u0119ka, w\u00f3jt gminy Rzeku\u0144 , pracownicy Polskich w\u00f3d &#8211; Zarz\u0105du Zlewni w Ostro\u0142\u0119ce, cz\u0142onkowie i stra\u017cnicy Polskiego Zwi\u0105zku W\u0119dkarskiego ko\u0142a nr 38 Narew, cz\u0142onkowie stowarzyszenia Ekomena.<\/p>\n<p><!--more--><\/p>\n<p>&nbsp;<\/p>\n<hr \/>\n<p>&nbsp;<\/p>\n<p><a href=\"http:\/\/www.pzwnarew.pl\/wp-content\/uploads\/2019\/05\/5cda8cc8c14231.jpeg\"><img loading=\"lazy\" decoding=\"async\" class=\"alignleft size-medium wp-image-8351\" src=\"http:\/\/www.pzwnarew.pl\/wp-content\/uploads\/2019\/05\/5cda8cc8c14231-300x263.jpeg\" alt=\"5cda8cc8c1423\" width=\"300\" height=\"263\" srcset=\"https:\/\/www.pzwnarew.pl\/wp-content\/uploads\/2019\/05\/5cda8cc8c14231-300x263.jpeg 300w, https:\/\/www.pzwnarew.pl\/wp-content\/uploads\/2019\/05\/5cda8cc8c14231.jpeg 888w\" sizes=\"auto, (max-width: 300px) 100vw, 300px\" \/><\/a><a href=\"http:\/\/www.pzwnarew.pl\/wp-content\/uploads\/2019\/05\/60289846_1126796804148039_6475430928419127296_n.jpg\"><img loading=\"lazy\" decoding=\"async\" class=\"alignleft size-medium wp-image-8349\" src=\"http:\/\/www.pzwnarew.pl\/wp-content\/uploads\/2019\/05\/60289846_1126796804148039_6475430928419127296_n-300x225.jpg\" alt=\"60289846_1126796804148039_6475430928419127296_n\" width=\"300\" height=\"225\" srcset=\"https:\/\/www.pzwnarew.pl\/wp-content\/uploads\/2019\/05\/60289846_1126796804148039_6475430928419127296_n-300x225.jpg 300w, https:\/\/www.pzwnarew.pl\/wp-content\/uploads\/2019\/05\/60289846_1126796804148039_6475430928419127296_n.jpg 960w\" sizes=\"auto, (max-width: 300px) 100vw, 300px\" \/><\/a><\/p>\n<p>&nbsp;<\/p>\n<p>&nbsp;<\/p>\n<p>&nbsp;<\/p>\n<p>&nbsp;<\/p>\n<p>&nbsp;<\/p>\n<p>&nbsp;<\/p>\n<p><a href=\"http:\/\/www.pzwnarew.pl\/wp-content\/uploads\/2019\/05\/60109486_558747854532336_5959044819987726336_n.jpg\"><img loading=\"lazy\" decoding=\"async\" class=\"alignleft size-medium wp-image-8356\" src=\"http:\/\/www.pzwnarew.pl\/wp-content\/uploads\/2019\/05\/60109486_558747854532336_5959044819987726336_n-300x225.jpg\" alt=\"60109486_558747854532336_5959044819987726336_n\" width=\"300\" height=\"225\" srcset=\"https:\/\/www.pzwnarew.pl\/wp-content\/uploads\/2019\/05\/60109486_558747854532336_5959044819987726336_n-300x225.jpg 300w, https:\/\/www.pzwnarew.pl\/wp-content\/uploads\/2019\/05\/60109486_558747854532336_5959044819987726336_n.jpg 960w\" sizes=\"auto, (max-width: 300px) 100vw, 300px\" \/><\/a><a href=\"http:\/\/www.pzwnarew.pl\/wp-content\/uploads\/2019\/05\/60288153_536375230225242_139201363237142528_n.jpg\"><img loading=\"lazy\" decoding=\"async\" class=\"alignleft size-medium wp-image-8357\" src=\"http:\/\/www.pzwnarew.pl\/wp-content\/uploads\/2019\/05\/60288153_536375230225242_139201363237142528_n-300x225.jpg\" alt=\"60288153_536375230225242_139201363237142528_n\" width=\"300\" height=\"225\" srcset=\"https:\/\/www.pzwnarew.pl\/wp-content\/uploads\/2019\/05\/60288153_536375230225242_139201363237142528_n-300x225.jpg 300w, https:\/\/www.pzwnarew.pl\/wp-content\/uploads\/2019\/05\/60288153_536375230225242_139201363237142528_n.jpg 960w\" sizes=\"auto, (max-width: 300px) 100vw, 300px\" \/><\/a><\/p>\n<p>&nbsp;<\/p>\n","protected":false},"excerpt":{"rendered":"<p>Sprz\u0105tanie brzegu Narwi, ca\u0142y kontener \u015bmieci tylko z odcinka kilkuset metrowego. W sprz\u0105tanie brzeg\u00f3w rzeki w\u0142\u0105czyli si\u0119 m.in. so\u0142tys wsi Korczaki &#8211; Wojciech \u017bera\u0144ski cz\u0142onek naszego ko\u0142a PZW Narew, pracownicy z Nadle\u015bnictwa Ostro\u0142\u0119ka, w\u00f3jt gminy Rzeku\u0144 , pracownicy Polskich w\u00f3d &#8211; Zarz\u0105du Zlewni w Ostro\u0142\u0119ce, cz\u0142onkowie i stra\u017cnicy Polskiego Zwi\u0105zku W\u0119dkarskiego ko\u0142a nr 38 Narew, cz\u0142onkowie stowarzyszenia Ekomena.<\/p>\n","protected":false},"author":2,"featured_media":0,"comment_status":"open","ping_status":"closed","sticky":false,"template":"","format":"standard","meta":{"footnotes":""},"categories":[20],"tags":[],"class_list":["post-8346","post","type-post","status-publish","format-standard","hentry","category-newsy"],"_links":{"self":[{"href":"https:\/\/www.pzwnarew.pl\/index.php?rest_route=\/wp\/v2\/posts\/8346","targetHints":{"allow":["GET"]}}],"collection":[{"href":"https:\/\/www.pzwnarew.pl\/index.php?rest_route=\/wp\/v2\/posts"}],"about":[{"href":"https:\/\/www.pzwnarew.pl\/index.php?rest_route=\/wp\/v2\/types\/post"}],"author":[{"embeddable":true,"href":"https:\/\/www.pzwnarew.pl\/index.php?rest_route=\/wp\/v2\/users\/2"}],"replies":[{"embeddable":true,"href":"https:\/\/www.pzwnarew.pl\/index.php?rest_route=%2Fwp%2Fv2%2Fcomments&post=8346"}],"version-history":[{"count":7,"href":"https:\/\/www.pzwnarew.pl\/index.php?rest_route=\/wp\/v2\/posts\/8346\/revisions"}],"predecessor-version":[{"id":8359,"href":"https:\/\/www.pzwnarew.pl\/index.php?rest_route=\/wp\/v2\/posts\/8346\/revisions\/8359"}],"wp:attachment":[{"href":"https:\/\/www.pzwnarew.pl\/index.php?rest_route=%2Fwp%2Fv2%2Fmedia&parent=8346"}],"wp:term":[{"taxonomy":"category","embeddable":true,"href":"https:\/\/www.pzwnarew.pl\/index.php?rest_route=%2Fwp%2Fv2%2Fcategories&post=8346"},{"taxonomy":"post_tag","embeddable":true,"href":"https:\/\/www.pzwnarew.pl\/index.php?rest_route=%2Fwp%2Fv2%2Ftags&post=8346"}],"curies":[{"name":"wp","href":"https:\/\/api.w.org\/{rel}","templated":true}]}}