{"id":8328,"date":"2019-05-12T20:34:06","date_gmt":"2019-05-12T18:34:06","guid":{"rendered":"http:\/\/www.pzwnarew.pl\/?p=8328"},"modified":"2019-05-12T20:41:50","modified_gmt":"2019-05-12T18:41:50","slug":"zawody-dlugich-tyczek-rozegrane","status":"publish","type":"post","link":"https:\/\/www.pzwnarew.pl\/?p=8328","title":{"rendered":"Zawody &#8222;d\u0142ugich tyczek&#8221; rozegrane"},"content":{"rendered":"<p><span class=\"st\"> \u0141owienie tyczk\u0105 to ju\u017c nie tylko hobby i rekreacja ale g\u0142\u00f3wnie start w zawodach i rywalizacja, jakie zapewni\u0142o kilku <a href=\"http:\/\/www.pzwnarew.pl\/wp-content\/uploads\/2019\/05\/60059388_2047017402258645_988930513555161088_n.jpg\"><img loading=\"lazy\" decoding=\"async\" class=\"alignright size-thumbnail wp-image-8329\" src=\"http:\/\/www.pzwnarew.pl\/wp-content\/uploads\/2019\/05\/60059388_2047017402258645_988930513555161088_n-150x150.jpg\" alt=\"60059388_2047017402258645_988930513555161088_n\" width=\"150\" height=\"150\" \/><\/a>\u015bmia\u0142kom ko\u0142o w\u0119dkarskie Narew w Ostro\u0142\u0119ce. W dniu dzisiejszym przy boksach na pla\u017cy miejskiej odby\u0142y si\u0119 zawody tzw. &#8222;D\u0142ugich tyczek&#8221;. Ka\u017cdy zawodnik m\u00f3g\u0142 \u0142owi\u0107 tylko i wy\u0142\u0105cznie na jedno w\u0119dzisko sp\u0142awikowe o d\u0142ugo\u015bci minimum 9,5 metra &#8211; maksimum 14 metr\u00f3w z zestawem skr\u00f3conym. By\u0142a to pierwsza edycja takich zawod\u00f3w w naszym kole i obiecujemy \u017ce nie ostatnia. Pierwsze miejsce w zawodach zaj\u0105\u0142 Jastrz\u0119bski Rafa\u0142. Drugie miejsce zaj\u0105\u0142 Choroma\u0144ski Marek. Trzecie miejsce Wrzeszcz Piotr. Ka\u017cdy z tych zawodnik\u00f3w otrzyma\u0142 wielkie kilku- kilogramowe paczki zan\u0119t. Nagrody honorowe w postaci puchar\u00f3w otrzymali r\u00f3wnie\u017c juniorzy z naszego ko\u0142a Terlikowski Piotr oraz Sebastian Bazyd\u0142o. W ceremoni\u00a0 wr\u0119czenia nagr\u00f3d uczestniczy\u0142 wiceprezydent miasta Ostro\u0142\u0119ki &#8211; Maciej Kleczkowski, kt\u00f3ry pogratulowa\u0142 zwyci\u0119zcom.<br \/>\n<\/span><!--more--><\/p>\n<p><a href=\"http:\/\/www.pzwnarew.pl\/gallery_pzw\/thumbnails.php?album=270\"><img loading=\"lazy\" decoding=\"async\" class=\"aligncenter size-full wp-image-4190\" src=\"http:\/\/www.pzwnarew.pl\/wp-content\/uploads\/2013\/04\/play-galeria.jpg\" alt=\"play galeria\" width=\"342\" height=\"213\" srcset=\"https:\/\/www.pzwnarew.pl\/wp-content\/uploads\/2013\/04\/play-galeria.jpg 342w, https:\/\/www.pzwnarew.pl\/wp-content\/uploads\/2013\/04\/play-galeria-300x186.jpg 300w\" sizes=\"auto, (max-width: 342px) 100vw, 342px\" \/><\/a><\/p>\n","protected":false},"excerpt":{"rendered":"<p>\u0141owienie tyczk\u0105 to ju\u017c nie tylko hobby i rekreacja ale g\u0142\u00f3wnie start w zawodach i rywalizacja, jakie zapewni\u0142o kilku \u015bmia\u0142kom ko\u0142o w\u0119dkarskie Narew w Ostro\u0142\u0119ce. W dniu dzisiejszym przy boksach na pla\u017cy miejskiej odby\u0142y si\u0119 zawody tzw. &#8222;D\u0142ugich tyczek&#8221;. Ka\u017cdy zawodnik m\u00f3g\u0142 \u0142owi\u0107 tylko i wy\u0142\u0105cznie na jedno w\u0119dzisko sp\u0142awikowe o d\u0142ugo\u015bci minimum 9,5 metra &#8211; maksimum 14 metr\u00f3w z zestawem skr\u00f3conym. By\u0142a to pierwsza edycja takich zawod\u00f3w w naszym kole i obiecujemy \u017ce nie ostatnia. Pierwsze miejsce w zawodach&#8230;<\/p>\n<p class=\"read-more\"><a class=\"btn btn-default\" href=\"https:\/\/www.pzwnarew.pl\/?p=8328\"> Read More<span class=\"screen-reader-text\">  Read More<\/span><\/a><\/p>\n","protected":false},"author":2,"featured_media":0,"comment_status":"open","ping_status":"closed","sticky":false,"template":"","format":"standard","meta":{"footnotes":""},"categories":[20],"tags":[],"class_list":["post-8328","post","type-post","status-publish","format-standard","hentry","category-newsy"],"_links":{"self":[{"href":"https:\/\/www.pzwnarew.pl\/index.php?rest_route=\/wp\/v2\/posts\/8328","targetHints":{"allow":["GET"]}}],"collection":[{"href":"https:\/\/www.pzwnarew.pl\/index.php?rest_route=\/wp\/v2\/posts"}],"about":[{"href":"https:\/\/www.pzwnarew.pl\/index.php?rest_route=\/wp\/v2\/types\/post"}],"author":[{"embeddable":true,"href":"https:\/\/www.pzwnarew.pl\/index.php?rest_route=\/wp\/v2\/users\/2"}],"replies":[{"embeddable":true,"href":"https:\/\/www.pzwnarew.pl\/index.php?rest_route=%2Fwp%2Fv2%2Fcomments&post=8328"}],"version-history":[{"count":7,"href":"https:\/\/www.pzwnarew.pl\/index.php?rest_route=\/wp\/v2\/posts\/8328\/revisions"}],"predecessor-version":[{"id":8337,"href":"https:\/\/www.pzwnarew.pl\/index.php?rest_route=\/wp\/v2\/posts\/8328\/revisions\/8337"}],"wp:attachment":[{"href":"https:\/\/www.pzwnarew.pl\/index.php?rest_route=%2Fwp%2Fv2%2Fmedia&parent=8328"}],"wp:term":[{"taxonomy":"category","embeddable":true,"href":"https:\/\/www.pzwnarew.pl\/index.php?rest_route=%2Fwp%2Fv2%2Fcategories&post=8328"},{"taxonomy":"post_tag","embeddable":true,"href":"https:\/\/www.pzwnarew.pl\/index.php?rest_route=%2Fwp%2Fv2%2Ftags&post=8328"}],"curies":[{"name":"wp","href":"https:\/\/api.w.org\/{rel}","templated":true}]}}