{"id":8287,"date":"2019-04-07T20:51:29","date_gmt":"2019-04-07T18:51:29","guid":{"rendered":"http:\/\/www.pzwnarew.pl\/?p=8287"},"modified":"2019-04-07T20:55:20","modified_gmt":"2019-04-07T18:55:20","slug":"padly-dzik-w-narwi","status":"publish","type":"post","link":"https:\/\/www.pzwnarew.pl\/?p=8287","title":{"rendered":"Pad\u0142y dzik w Narwi"},"content":{"rendered":"<p>W dniu 6 kwietnia w czasie patrolu \u0142odzi\u0105 motorow\u0105 po rzece Narew na wysoko\u015bci miejscowo\u015bci Dzbenin. Stra\u017cnicy SSR Narew z <a href=\"http:\/\/www.pzwnarew.pl\/wp-content\/uploads\/2019\/04\/57170705_386247352219959_3404003796760657920_n.jpg\"><img loading=\"lazy\" decoding=\"async\" class=\"alignright size-thumbnail wp-image-8288\" src=\"http:\/\/www.pzwnarew.pl\/wp-content\/uploads\/2019\/04\/57170705_386247352219959_3404003796760657920_n-150x150.jpg\" alt=\"57170705_386247352219959_3404003796760657920_n\" width=\"150\" height=\"150\" \/><\/a>naszego ko\u0142a zauwa\u017cyli dzika, kt\u00f3ry zaczepi\u0142 si\u0119 o konar drzewa. Prawdopodobnie dzik dryfowa\u0142 rzek\u0105 Narew i zaczepi\u0142 si\u0119 o wystaj\u0105cy konar z wody. Na miejsce zosta\u0142 wezwany Inspektor weterynarii. Dzik zaczepi\u0142 si\u0119 w miejscu w kt\u00f3rym nie da\u0142o rady podjecha\u0107 w \u017caden spos\u00f3b samochodem. Stra\u017cnicy zdecydowali przetransportowa\u0107 dzika na drog\u0105 stron\u0119 rzeki by Inspektorzy weterynarii mogli dojecha\u0107 i zabra\u0107 swobodnie zdech\u0142ego dzika. Inspektorzy o<span class=\"st\">d pad\u0142ego dzika pobrali pr\u00f3bki do bada\u0144 laboratoryjnych w ramach monitoringu choroby ASF.<\/span><!--more--><\/p>\n<p>&nbsp;<\/p>\n<p><a href=\"http:\/\/www.pzwnarew.pl\/gallery_pzw\/thumbnails.php?album=268\"><img loading=\"lazy\" decoding=\"async\" class=\"aligncenter size-full wp-image-4190\" src=\"http:\/\/www.pzwnarew.pl\/wp-content\/uploads\/2013\/04\/play-galeria.jpg\" alt=\"play galeria\" width=\"342\" height=\"213\" srcset=\"https:\/\/www.pzwnarew.pl\/wp-content\/uploads\/2013\/04\/play-galeria.jpg 342w, https:\/\/www.pzwnarew.pl\/wp-content\/uploads\/2013\/04\/play-galeria-300x186.jpg 300w\" sizes=\"auto, (max-width: 342px) 100vw, 342px\" \/><\/a><\/p>\n","protected":false},"excerpt":{"rendered":"<p>W dniu 6 kwietnia w czasie patrolu \u0142odzi\u0105 motorow\u0105 po rzece Narew na wysoko\u015bci miejscowo\u015bci Dzbenin. Stra\u017cnicy SSR Narew z naszego ko\u0142a zauwa\u017cyli dzika, kt\u00f3ry zaczepi\u0142 si\u0119 o konar drzewa. Prawdopodobnie dzik dryfowa\u0142 rzek\u0105 Narew i zaczepi\u0142 si\u0119 o wystaj\u0105cy konar z wody. Na miejsce zosta\u0142 wezwany Inspektor weterynarii. Dzik zaczepi\u0142 si\u0119 w miejscu w kt\u00f3rym nie da\u0142o rady podjecha\u0107 w \u017caden spos\u00f3b samochodem. Stra\u017cnicy zdecydowali przetransportowa\u0107 dzika na drog\u0105 stron\u0119 rzeki by Inspektorzy weterynarii mogli dojecha\u0107 i zabra\u0107 swobodnie&#8230;<\/p>\n<p class=\"read-more\"><a class=\"btn btn-default\" href=\"https:\/\/www.pzwnarew.pl\/?p=8287\"> Read More<span class=\"screen-reader-text\">  Read More<\/span><\/a><\/p>\n","protected":false},"author":2,"featured_media":0,"comment_status":"open","ping_status":"closed","sticky":false,"template":"","format":"standard","meta":{"footnotes":""},"categories":[20,24],"tags":[],"class_list":["post-8287","post","type-post","status-publish","format-standard","hentry","category-newsy","category-ochrona-wod"],"_links":{"self":[{"href":"https:\/\/www.pzwnarew.pl\/index.php?rest_route=\/wp\/v2\/posts\/8287","targetHints":{"allow":["GET"]}}],"collection":[{"href":"https:\/\/www.pzwnarew.pl\/index.php?rest_route=\/wp\/v2\/posts"}],"about":[{"href":"https:\/\/www.pzwnarew.pl\/index.php?rest_route=\/wp\/v2\/types\/post"}],"author":[{"embeddable":true,"href":"https:\/\/www.pzwnarew.pl\/index.php?rest_route=\/wp\/v2\/users\/2"}],"replies":[{"embeddable":true,"href":"https:\/\/www.pzwnarew.pl\/index.php?rest_route=%2Fwp%2Fv2%2Fcomments&post=8287"}],"version-history":[{"count":2,"href":"https:\/\/www.pzwnarew.pl\/index.php?rest_route=\/wp\/v2\/posts\/8287\/revisions"}],"predecessor-version":[{"id":8290,"href":"https:\/\/www.pzwnarew.pl\/index.php?rest_route=\/wp\/v2\/posts\/8287\/revisions\/8290"}],"wp:attachment":[{"href":"https:\/\/www.pzwnarew.pl\/index.php?rest_route=%2Fwp%2Fv2%2Fmedia&parent=8287"}],"wp:term":[{"taxonomy":"category","embeddable":true,"href":"https:\/\/www.pzwnarew.pl\/index.php?rest_route=%2Fwp%2Fv2%2Fcategories&post=8287"},{"taxonomy":"post_tag","embeddable":true,"href":"https:\/\/www.pzwnarew.pl\/index.php?rest_route=%2Fwp%2Fv2%2Ftags&post=8287"}],"curies":[{"name":"wp","href":"https:\/\/api.w.org\/{rel}","templated":true}]}}