{"id":8279,"date":"2019-04-06T20:02:06","date_gmt":"2019-04-06T18:02:06","guid":{"rendered":"http:\/\/www.pzwnarew.pl\/?p=8279"},"modified":"2019-04-09T08:07:40","modified_gmt":"2019-04-09T06:07:40","slug":"11-czyszczenie-omulwi","status":"publish","type":"post","link":"https:\/\/www.pzwnarew.pl\/?p=8279","title":{"rendered":"Czyszczenie Omulwi"},"content":{"rendered":"<p>Po raz kolejny uczestniczyli\u015bmy w\u00a0 imprezie ekologicznej &#8221; 11 Odmulanie Omulwi&#8221;. Impreza organizowana przez <a href=\"http:\/\/www.pzwnarew.pl\/wp-content\/uploads\/2019\/04\/20190406_134345.jpg\"><img loading=\"lazy\" decoding=\"async\" class=\"alignright size-thumbnail wp-image-8281\" src=\"http:\/\/www.pzwnarew.pl\/wp-content\/uploads\/2019\/04\/20190406_134345-150x150.jpg\" alt=\"20190406_134345\" width=\"150\" height=\"150\" \/><\/a>m.in. Ekumen\u0119 co roku przyci\u0105ga p\u00f3\u0142 setki \u015bmia\u0142k\u00f3w amator\u00f3w zimnego p\u0142ywania, kt\u00f3rzy sp\u0142ywajac z nurtem Omulwi wy\u0142awiaj\u0105 r\u00f3\u017cnego rodzaju \u015bmieci. W tym roku nazbierano kilkadziesi\u0105t work\u00f3w r\u00f3\u017cnych \u015bmieci. Mamy nadziej\u0119 , \u017ce nasz skromny udzia\u0142 w tej imprezie przyczyni\u0142 si\u0119 do poprawy stanu czysto\u015bci brzeg\u00f3w Omulwi. Dzi\u0119kujemy naszym stra\u017cnikom ze SSRybackiej za asyst\u0119 przy sp\u0142ywie i pomoc.<!--more--><\/p>\n<p>&nbsp;<\/p>\n<p><a href=\"http:\/\/www.pzwnarew.pl\/gallery_pzw\/thumbnails.php?album=266\"><img loading=\"lazy\" decoding=\"async\" class=\"aligncenter size-full wp-image-4190\" src=\"http:\/\/www.pzwnarew.pl\/wp-content\/uploads\/2013\/04\/play-galeria.jpg\" alt=\"play galeria\" width=\"342\" height=\"213\" srcset=\"https:\/\/www.pzwnarew.pl\/wp-content\/uploads\/2013\/04\/play-galeria.jpg 342w, https:\/\/www.pzwnarew.pl\/wp-content\/uploads\/2013\/04\/play-galeria-300x186.jpg 300w\" sizes=\"auto, (max-width: 342px) 100vw, 342px\" \/><\/a><\/p>\n<p>&nbsp;<\/p>\n<p>&nbsp;<\/p>\n","protected":false},"excerpt":{"rendered":"<p>Po raz kolejny uczestniczyli\u015bmy w\u00a0 imprezie ekologicznej &#8221; 11 Odmulanie Omulwi&#8221;. Impreza organizowana przez m.in. Ekumen\u0119 co roku przyci\u0105ga p\u00f3\u0142 setki \u015bmia\u0142k\u00f3w amator\u00f3w zimnego p\u0142ywania, kt\u00f3rzy sp\u0142ywajac z nurtem Omulwi wy\u0142awiaj\u0105 r\u00f3\u017cnego rodzaju \u015bmieci. W tym roku nazbierano kilkadziesi\u0105t work\u00f3w r\u00f3\u017cnych \u015bmieci. Mamy nadziej\u0119 , \u017ce nasz skromny udzia\u0142 w tej imprezie przyczyni\u0142 si\u0119 do poprawy stanu czysto\u015bci brzeg\u00f3w Omulwi. Dzi\u0119kujemy naszym stra\u017cnikom ze SSRybackiej za asyst\u0119 przy sp\u0142ywie i pomoc.<\/p>\n","protected":false},"author":4,"featured_media":0,"comment_status":"open","ping_status":"closed","sticky":false,"template":"","format":"standard","meta":{"footnotes":""},"categories":[20],"tags":[],"class_list":["post-8279","post","type-post","status-publish","format-standard","hentry","category-newsy"],"_links":{"self":[{"href":"https:\/\/www.pzwnarew.pl\/index.php?rest_route=\/wp\/v2\/posts\/8279","targetHints":{"allow":["GET"]}}],"collection":[{"href":"https:\/\/www.pzwnarew.pl\/index.php?rest_route=\/wp\/v2\/posts"}],"about":[{"href":"https:\/\/www.pzwnarew.pl\/index.php?rest_route=\/wp\/v2\/types\/post"}],"author":[{"embeddable":true,"href":"https:\/\/www.pzwnarew.pl\/index.php?rest_route=\/wp\/v2\/users\/4"}],"replies":[{"embeddable":true,"href":"https:\/\/www.pzwnarew.pl\/index.php?rest_route=%2Fwp%2Fv2%2Fcomments&post=8279"}],"version-history":[{"count":4,"href":"https:\/\/www.pzwnarew.pl\/index.php?rest_route=\/wp\/v2\/posts\/8279\/revisions"}],"predecessor-version":[{"id":8293,"href":"https:\/\/www.pzwnarew.pl\/index.php?rest_route=\/wp\/v2\/posts\/8279\/revisions\/8293"}],"wp:attachment":[{"href":"https:\/\/www.pzwnarew.pl\/index.php?rest_route=%2Fwp%2Fv2%2Fmedia&parent=8279"}],"wp:term":[{"taxonomy":"category","embeddable":true,"href":"https:\/\/www.pzwnarew.pl\/index.php?rest_route=%2Fwp%2Fv2%2Fcategories&post=8279"},{"taxonomy":"post_tag","embeddable":true,"href":"https:\/\/www.pzwnarew.pl\/index.php?rest_route=%2Fwp%2Fv2%2Ftags&post=8279"}],"curies":[{"name":"wp","href":"https:\/\/api.w.org\/{rel}","templated":true}]}}