{"id":8168,"date":"2018-12-15T23:23:17","date_gmt":"2018-12-15T22:23:17","guid":{"rendered":"http:\/\/www.pzwnarew.pl\/?p=8168"},"modified":"2018-12-21T08:39:00","modified_gmt":"2018-12-21T07:39:00","slug":"nasi-reprezentanci-na-iv-halowych-mistrzostwach-rzutowych-om-pzw-w-tluszczu","status":"publish","type":"post","link":"https:\/\/www.pzwnarew.pl\/?p=8168","title":{"rendered":"Nasi Reprezentanci na IV Halowych Mistrzostwach Rzutowych OM PZW w T\u0142uszczu"},"content":{"rendered":"<p>W dniu 16 grudnia nasi reprezentanci z m\u0142odzie\u017cowej szk\u00f3\u0142ki &#8222;Tr\u00f3jka Leszcze&#8221; uczestniczyli w IV Halowych Mistrzostwach Okr\u0119gu Maz. PZW\u00a0 rozgrywanych w T\u0142uszczu.Indywidualnie\u00a0 nasi zaj\u0119li 5 miejsce Piotr Terlikowski, 7 miejsce Sebastian Bazyd\u0142o i 12 miejsce Oliwier Nurczyk. Zawody te traktujemy jako swoisty trening i przygotowanie do sezonu 2019 roku.<\/p>\n<p><a href=\"http:\/\/www.pzwnarew.pl\/wp-content\/uploads\/2018\/12\/IMG_20181216_145658134.jpg\"><img loading=\"lazy\" decoding=\"async\" class=\"aligncenter size-medium wp-image-8169\" src=\"http:\/\/www.pzwnarew.pl\/wp-content\/uploads\/2018\/12\/IMG_20181216_145658134-300x225.jpg\" alt=\"IMG_20181216_145658134\" width=\"300\" height=\"225\" srcset=\"https:\/\/www.pzwnarew.pl\/wp-content\/uploads\/2018\/12\/IMG_20181216_145658134-300x225.jpg 300w, https:\/\/www.pzwnarew.pl\/wp-content\/uploads\/2018\/12\/IMG_20181216_145658134-1024x768.jpg 1024w\" sizes=\"auto, (max-width: 300px) 100vw, 300px\" \/><\/a><!--more--><\/p>\n<p><a href=\"http:\/\/www.pzwnarew.pl\/wp-content\/uploads\/2018\/12\/IMG_20181216_151422264-crop.jpg\"><img loading=\"lazy\" decoding=\"async\" class=\"aligncenter size-medium wp-image-8171\" src=\"http:\/\/www.pzwnarew.pl\/wp-content\/uploads\/2018\/12\/IMG_20181216_151422264-crop-300x214.jpg\" alt=\"IMG_20181216_151422264-crop\" width=\"300\" height=\"214\" srcset=\"https:\/\/www.pzwnarew.pl\/wp-content\/uploads\/2018\/12\/IMG_20181216_151422264-crop-300x214.jpg 300w, https:\/\/www.pzwnarew.pl\/wp-content\/uploads\/2018\/12\/IMG_20181216_151422264-crop-1024x730.jpg 1024w\" sizes=\"auto, (max-width: 300px) 100vw, 300px\" \/><\/a><\/p>\n<p><img loading=\"lazy\" decoding=\"async\" class=\"size-medium wp-image-8170 aligncenter\" src=\"http:\/\/www.pzwnarew.pl\/wp-content\/uploads\/2018\/12\/IMG_20181216_130320411_BURST000_COVER_TOP-300x225.jpg\" alt=\"IMG_20181216_130320411_BURST000_COVER_TOP\" width=\"300\" height=\"225\" srcset=\"https:\/\/www.pzwnarew.pl\/wp-content\/uploads\/2018\/12\/IMG_20181216_130320411_BURST000_COVER_TOP-300x225.jpg 300w, https:\/\/www.pzwnarew.pl\/wp-content\/uploads\/2018\/12\/IMG_20181216_130320411_BURST000_COVER_TOP-1024x768.jpg 1024w\" sizes=\"auto, (max-width: 300px) 100vw, 300px\" \/><\/p>\n","protected":false},"excerpt":{"rendered":"<p>W dniu 16 grudnia nasi reprezentanci z m\u0142odzie\u017cowej szk\u00f3\u0142ki &#8222;Tr\u00f3jka Leszcze&#8221; uczestniczyli w IV Halowych Mistrzostwach Okr\u0119gu Maz. PZW\u00a0 rozgrywanych w T\u0142uszczu.Indywidualnie\u00a0 nasi zaj\u0119li 5 miejsce Piotr Terlikowski, 7 miejsce Sebastian Bazyd\u0142o i 12 miejsce Oliwier Nurczyk. Zawody te traktujemy jako swoisty trening i przygotowanie do sezonu 2019 roku.<\/p>\n","protected":false},"author":4,"featured_media":8169,"comment_status":"open","ping_status":"closed","sticky":false,"template":"","format":"standard","meta":{"footnotes":""},"categories":[20],"tags":[],"class_list":["post-8168","post","type-post","status-publish","format-standard","has-post-thumbnail","hentry","category-newsy"],"_links":{"self":[{"href":"https:\/\/www.pzwnarew.pl\/index.php?rest_route=\/wp\/v2\/posts\/8168","targetHints":{"allow":["GET"]}}],"collection":[{"href":"https:\/\/www.pzwnarew.pl\/index.php?rest_route=\/wp\/v2\/posts"}],"about":[{"href":"https:\/\/www.pzwnarew.pl\/index.php?rest_route=\/wp\/v2\/types\/post"}],"author":[{"embeddable":true,"href":"https:\/\/www.pzwnarew.pl\/index.php?rest_route=\/wp\/v2\/users\/4"}],"replies":[{"embeddable":true,"href":"https:\/\/www.pzwnarew.pl\/index.php?rest_route=%2Fwp%2Fv2%2Fcomments&post=8168"}],"version-history":[{"count":1,"href":"https:\/\/www.pzwnarew.pl\/index.php?rest_route=\/wp\/v2\/posts\/8168\/revisions"}],"predecessor-version":[{"id":8172,"href":"https:\/\/www.pzwnarew.pl\/index.php?rest_route=\/wp\/v2\/posts\/8168\/revisions\/8172"}],"wp:featuredmedia":[{"embeddable":true,"href":"https:\/\/www.pzwnarew.pl\/index.php?rest_route=\/wp\/v2\/media\/8169"}],"wp:attachment":[{"href":"https:\/\/www.pzwnarew.pl\/index.php?rest_route=%2Fwp%2Fv2%2Fmedia&parent=8168"}],"wp:term":[{"taxonomy":"category","embeddable":true,"href":"https:\/\/www.pzwnarew.pl\/index.php?rest_route=%2Fwp%2Fv2%2Fcategories&post=8168"},{"taxonomy":"post_tag","embeddable":true,"href":"https:\/\/www.pzwnarew.pl\/index.php?rest_route=%2Fwp%2Fv2%2Ftags&post=8168"}],"curies":[{"name":"wp","href":"https:\/\/api.w.org\/{rel}","templated":true}]}}