{"id":8140,"date":"2018-12-15T22:08:06","date_gmt":"2018-12-15T21:08:06","guid":{"rendered":"http:\/\/www.pzwnarew.pl\/?p=8140"},"modified":"2018-12-16T10:25:16","modified_gmt":"2018-12-16T09:25:16","slug":"spotkanie-wigilijne-2018","status":"publish","type":"post","link":"https:\/\/www.pzwnarew.pl\/?p=8140","title":{"rendered":"SPOTKANIE WIGILIJNE 2018"},"content":{"rendered":"<p>W dniu 14 grudnia w\u0119dkarze z ko\u0142a Narew 38 spotkali si\u0119 na tradycyjnej wigilii w\u0119dkarskiej aby podsumowa\u0107 <a href=\"http:\/\/www.pzwnarew.pl\/wp-content\/uploads\/2018\/12\/IMG_0005.jpg\"><img loading=\"lazy\" decoding=\"async\" class=\"alignright size-thumbnail wp-image-8143\" src=\"http:\/\/www.pzwnarew.pl\/wp-content\/uploads\/2018\/12\/IMG_0005-150x150.jpg\" alt=\"IMG_0005\" width=\"150\" height=\"150\" \/><\/a>mijaj\u0105cy rok oraz w tej uroczystej atmosferze z\u0142o\u017cy\u0107 sobie \u017cyczenia \u015bwi\u0105teczne. Prezesi Andrzej Raszkiewicz i Wojciech Jarz\u0105bek ocenili dokonania mijaj\u0105cego roku na wysokim poziomie z\u0142o\u017cyli \u017cyczenia w imieniu Zarz\u0105du Ko\u0142a, oraz nagrodzili tych kt\u00f3rzy wnie\u015bli du\u017cy nak\u0142ad pracy w imprezy i zawody w\u0119dkarskie.<!--more--><\/p>\n<p>Podzi\u0119kowano m\u0142odym zawodnikom Sebastianowi Bazyd\u0142o oraz Piotrowi Terlikowskiemu .<\/p>\n<p>Podzi\u0119kowano ma\u0142\u017ce\u0144stwom Annie i Rafa\u0142owi Wojtkowiak ,\u00a0 Annie i Paw\u0142owi Bazyd\u0142o oraz Iwonie i Tomaszowi Zi\u0119bom. Laury zebrali tak\u017ce indywidualnie Micha\u0142 Terlikowski, Sebastian Bia\u0142czak, Grzegorz Tyszka. Nagrodzono tak\u017ce \u0142owc\u00f3w okaz\u00f3w z 2018 roku byli to Robert Gwiazdowski, Jaros\u0142aw Mierzejewski, Tomasz Zi\u0119ba, Sebastian Bazyd\u0142o, \u0141ukasz Garbulewski i Grzegorz Kuszneruk.<\/p>\n<p>Sk\u0142adamy ca\u0142ej naszej braci w\u0119dkarskiej oraz ich rodzinom Serdeczne \u017byczenia \u015awi\u0105teczne oraz du\u017co Szcz\u0119\u015bliwo\u015bci w nowym 2019 roku.<\/p>\n<p><a href=\"http:\/\/www.pzwnarew.pl\/gallery_pzw\/thumbnails.php?album=261\"><img loading=\"lazy\" decoding=\"async\" class=\"aligncenter size-full wp-image-4190\" src=\"http:\/\/www.pzwnarew.pl\/wp-content\/uploads\/2013\/04\/play-galeria.jpg\" alt=\"play galeria\" width=\"342\" height=\"213\" srcset=\"https:\/\/www.pzwnarew.pl\/wp-content\/uploads\/2013\/04\/play-galeria.jpg 342w, https:\/\/www.pzwnarew.pl\/wp-content\/uploads\/2013\/04\/play-galeria-300x186.jpg 300w\" sizes=\"auto, (max-width: 342px) 100vw, 342px\" \/><\/a><\/p>\n","protected":false},"excerpt":{"rendered":"<p>W dniu 14 grudnia w\u0119dkarze z ko\u0142a Narew 38 spotkali si\u0119 na tradycyjnej wigilii w\u0119dkarskiej aby podsumowa\u0107 mijaj\u0105cy rok oraz w tej uroczystej atmosferze z\u0142o\u017cy\u0107 sobie \u017cyczenia \u015bwi\u0105teczne. Prezesi Andrzej Raszkiewicz i Wojciech Jarz\u0105bek ocenili dokonania mijaj\u0105cego roku na wysokim poziomie z\u0142o\u017cyli \u017cyczenia w imieniu Zarz\u0105du Ko\u0142a, oraz nagrodzili tych kt\u00f3rzy wnie\u015bli du\u017cy nak\u0142ad pracy w imprezy i zawody w\u0119dkarskie.<\/p>\n","protected":false},"author":4,"featured_media":0,"comment_status":"open","ping_status":"closed","sticky":false,"template":"","format":"standard","meta":{"footnotes":""},"categories":[20,17],"tags":[],"class_list":["post-8140","post","type-post","status-publish","format-standard","hentry","category-newsy","category-imprezy"],"_links":{"self":[{"href":"https:\/\/www.pzwnarew.pl\/index.php?rest_route=\/wp\/v2\/posts\/8140","targetHints":{"allow":["GET"]}}],"collection":[{"href":"https:\/\/www.pzwnarew.pl\/index.php?rest_route=\/wp\/v2\/posts"}],"about":[{"href":"https:\/\/www.pzwnarew.pl\/index.php?rest_route=\/wp\/v2\/types\/post"}],"author":[{"embeddable":true,"href":"https:\/\/www.pzwnarew.pl\/index.php?rest_route=\/wp\/v2\/users\/4"}],"replies":[{"embeddable":true,"href":"https:\/\/www.pzwnarew.pl\/index.php?rest_route=%2Fwp%2Fv2%2Fcomments&post=8140"}],"version-history":[{"count":3,"href":"https:\/\/www.pzwnarew.pl\/index.php?rest_route=\/wp\/v2\/posts\/8140\/revisions"}],"predecessor-version":[{"id":8144,"href":"https:\/\/www.pzwnarew.pl\/index.php?rest_route=\/wp\/v2\/posts\/8140\/revisions\/8144"}],"wp:attachment":[{"href":"https:\/\/www.pzwnarew.pl\/index.php?rest_route=%2Fwp%2Fv2%2Fmedia&parent=8140"}],"wp:term":[{"taxonomy":"category","embeddable":true,"href":"https:\/\/www.pzwnarew.pl\/index.php?rest_route=%2Fwp%2Fv2%2Fcategories&post=8140"},{"taxonomy":"post_tag","embeddable":true,"href":"https:\/\/www.pzwnarew.pl\/index.php?rest_route=%2Fwp%2Fv2%2Ftags&post=8140"}],"curies":[{"name":"wp","href":"https:\/\/api.w.org\/{rel}","templated":true}]}}