{"id":807,"date":"2011-03-13T00:44:16","date_gmt":"2011-03-12T23:44:16","guid":{"rendered":"http:\/\/www.ostroleka.com.pl\/pzw-narew38\/?p=807"},"modified":"2011-03-26T18:46:20","modified_gmt":"2011-03-26T17:46:20","slug":"mistrzostwa-morskie-2011","status":"publish","type":"post","link":"https:\/\/www.pzwnarew.pl\/?p=807","title":{"rendered":"Mistrzostwa Morskie 2011"},"content":{"rendered":"<p><span style=\"color: #000000;\"><span style=\"color: #808000;\"><strong><a href=\"http:\/\/www.ostroleka.com.pl\/pzw-narew38\/wp-content\/uploads\/2011\/01\/morskie_2011_01.jpg\"><img loading=\"lazy\" decoding=\"async\" class=\"size-thumbnail wp-image-810 alignright\" title=\"morskie_2011_01\" src=\"http:\/\/www.ostroleka.com.pl\/pzw-narew38\/wp-content\/uploads\/2011\/01\/morskie_2011_01-150x150.jpg\" alt=\"\" width=\"150\" height=\"150\" \/><\/a><\/strong><strong><a href=\"http:\/\/www.ostroleka.com.pl\/pzw-narew38\/wp-content\/uploads\/2011\/01\/morskie_2011_01.jpg\"><\/a><\/strong><\/span><strong><span style=\"color: #808000;\">W dniu 13.03.2011r. z portu W\u0142adys\u0142awowo wyp\u0142yn\u0105\u0142 kuter &#8222;Admira\u0142&#8221;\u00a0w\u0119dkarzami ko\u0142a Narew nr 38.<\/span><\/strong><\/span><\/p>\n<p>W\u0119dkarze rozegrali \u00f3sme ju\u017c w kolejno\u015bci Mistrzostwa Morskie naszego ko\u0142a. Prze\u017cyli moc niezwyk\u0142ych wra\u017ce\u0144. Dorsze bra\u0142y jeden za drugim, nikt nie narzeka\u0142 na nud\u0119.<!--more--><\/p>\n<p>Ostatecznie po podsumowaniu wynik\u00f3w zwyci\u0119zcami zostali:<br \/>\n\u00a0 Mistrz ko\u0142a Narew \u2013 Rober Kapu\u015bci\u0144ski<br \/>\n\u00a0 Wicemistrz ko\u0142a Narew \u2013 Grzegorz Tyszka<br \/>\n\u00a0 3 miejsce \u2013 Ireneusz Dobkowski<br \/>\n\u00a0 4 miejsce \u2013 Pawe\u0142 Myszka<br \/>\n\u00a0 5 miejsce \u2013 Zbigniew Lis<\/p>\n<p>Dzi\u0119kujemy wszystkim uczestnikom i zapraszamy na nast\u0119pne zawody w\u0119dkarskie naszego Ko\u0142a<\/p>\n<p style=\"text-align: right;\">Z w\u0119dkarskim pozdrowieniem<br \/>\nRafa\u0142 Wojtkowiak<\/p>\n<p style=\"text-align: center;\"><a href=\"http:\/\/www.ostroleka.com.pl\/gallery_pzw\/thumbnails.php?album=74\" target=\"_blank\">Wi\u0119cej zdj\u0119\u0107 z zawod\u00f3w w galerii &gt;&gt;<\/a><\/p>\n","protected":false},"excerpt":{"rendered":"<p>W dniu 13.03.2011r. z portu W\u0142adys\u0142awowo wyp\u0142yn\u0105\u0142 kuter &#8222;Admira\u0142&#8221;\u00a0w\u0119dkarzami ko\u0142a Narew nr 38. W\u0119dkarze rozegrali \u00f3sme ju\u017c w kolejno\u015bci Mistrzostwa Morskie naszego ko\u0142a. Prze\u017cyli moc niezwyk\u0142ych wra\u017ce\u0144. Dorsze bra\u0142y jeden za drugim, nikt nie narzeka\u0142 na nud\u0119.<\/p>\n","protected":false},"author":1,"featured_media":0,"comment_status":"open","ping_status":"closed","sticky":false,"template":"","format":"standard","meta":{"footnotes":""},"categories":[20,17],"tags":[],"class_list":["post-807","post","type-post","status-publish","format-standard","hentry","category-newsy","category-imprezy"],"_links":{"self":[{"href":"https:\/\/www.pzwnarew.pl\/index.php?rest_route=\/wp\/v2\/posts\/807","targetHints":{"allow":["GET"]}}],"collection":[{"href":"https:\/\/www.pzwnarew.pl\/index.php?rest_route=\/wp\/v2\/posts"}],"about":[{"href":"https:\/\/www.pzwnarew.pl\/index.php?rest_route=\/wp\/v2\/types\/post"}],"author":[{"embeddable":true,"href":"https:\/\/www.pzwnarew.pl\/index.php?rest_route=\/wp\/v2\/users\/1"}],"replies":[{"embeddable":true,"href":"https:\/\/www.pzwnarew.pl\/index.php?rest_route=%2Fwp%2Fv2%2Fcomments&post=807"}],"version-history":[{"count":12,"href":"https:\/\/www.pzwnarew.pl\/index.php?rest_route=\/wp\/v2\/posts\/807\/revisions"}],"predecessor-version":[{"id":1026,"href":"https:\/\/www.pzwnarew.pl\/index.php?rest_route=\/wp\/v2\/posts\/807\/revisions\/1026"}],"wp:attachment":[{"href":"https:\/\/www.pzwnarew.pl\/index.php?rest_route=%2Fwp%2Fv2%2Fmedia&parent=807"}],"wp:term":[{"taxonomy":"category","embeddable":true,"href":"https:\/\/www.pzwnarew.pl\/index.php?rest_route=%2Fwp%2Fv2%2Fcategories&post=807"},{"taxonomy":"post_tag","embeddable":true,"href":"https:\/\/www.pzwnarew.pl\/index.php?rest_route=%2Fwp%2Fv2%2Ftags&post=807"}],"curies":[{"name":"wp","href":"https:\/\/api.w.org\/{rel}","templated":true}]}}