{"id":796,"date":"2011-02-20T00:38:37","date_gmt":"2011-02-19T23:38:37","guid":{"rendered":"http:\/\/www.ostroleka.com.pl\/pzw-narew38\/?p=796"},"modified":"2011-03-26T18:51:43","modified_gmt":"2011-03-26T17:51:43","slug":"podsumowanie-zimy","status":"publish","type":"post","link":"https:\/\/www.pzwnarew.pl\/?p=796","title":{"rendered":"PODSUMOWANIE ZIMY &#8211; 2010 \/ 2011"},"content":{"rendered":"<p><a href=\"http:\/\/www.ostroleka.com.pl\/pzw-narew38\/wp-content\/uploads\/2011\/03\/zima.jpg\"><img loading=\"lazy\" decoding=\"async\" class=\"size-full wp-image-800 aligncenter\" title=\"zima\" src=\"http:\/\/www.ostroleka.com.pl\/pzw-narew38\/wp-content\/uploads\/2011\/03\/zima.jpg\" alt=\"\" width=\"600\" height=\"113\" srcset=\"https:\/\/www.pzwnarew.pl\/wp-content\/uploads\/2011\/03\/zima.jpg 600w, https:\/\/www.pzwnarew.pl\/wp-content\/uploads\/2011\/03\/zima-300x56.jpg 300w\" sizes=\"auto, (max-width: 600px) 100vw, 600px\" \/><\/a><\/p>\n<p><span style=\"color: #808000;\">W\u0119dkarze z Ko\u0142a nr 38 Narew w Ostro\u0142\u0119ce <\/span>w sezonie zimowym rozegrali zawody w w\u0119dkarstwie podlodowym.<\/p>\n<p><!--more--><\/p>\n<p><strong><span style=\"color: #808000;\">W dniu 23 stycznia 2011 r.<\/span><\/strong> na jez. Sasek Wielki odby\u0142y sie mistrzostwa podlodowe Ko\u0142a oto pierwsza sz\u00f3stka najlepszych zawodnik\u00f3w.<a href=\"http:\/\/www.ostroleka.com.pl\/pzw-narew38\/wp-content\/uploads\/2011\/03\/sasek1.jpg\"><img loading=\"lazy\" decoding=\"async\" class=\"size-thumbnail wp-image-799 alignright\" title=\"sasek\" src=\"http:\/\/www.ostroleka.com.pl\/pzw-narew38\/wp-content\/uploads\/2011\/03\/sasek1-150x150.jpg\" alt=\"\" width=\"150\" height=\"150\" \/><\/a><\/p>\n<p>1. Brodowski Jacek<br \/>\n2. Czarnecki Eugeniusz<br \/>\n3. Kleczkowski Jerzy<br \/>\n4. Najman Miros\u0142aw<br \/>\n5. Kwiatkowski Krzysztof<br \/>\n6. Kamionowski Mariusz<\/p>\n<p style=\"text-align: center;\"><a href=\"http:\/\/www.ostroleka.com.pl\/gallery_pzw\/thumbnails.php?album=73\" target=\"_blank\">Patrz w galerii foto &gt;&gt;<\/a><\/p>\n<p><strong><span style=\"color: #808000;\">W dniu 20 lutego 2011 r.<\/span><\/strong> na zbiorniku specjalnym Jelonki-Przyborowo Zarz\u0105dy K\u00f3\u0142 nr 34 i 38 zorganizowa\u0142y mi\u0119dzyko\u0142owe zawody podlodowe, poni\u017cej prezentujemy sze\u015bciu najlepszych zawodnik\u00f3w z numeracj\u0105 k\u00f3\u0142.<a href=\"http:\/\/www.ostroleka.com.pl\/pzw-narew38\/wp-content\/uploads\/2011\/03\/jelonki.jpg\"><img loading=\"lazy\" decoding=\"async\" class=\"alignright size-thumbnail wp-image-798\" title=\"jelonki\" src=\"http:\/\/www.ostroleka.com.pl\/pzw-narew38\/wp-content\/uploads\/2011\/03\/jelonki-150x129.jpg\" alt=\"\" width=\"150\" height=\"129\" \/><\/a><\/p>\n<p>1. Nowowiejski Stanis\u0142aw &#8211; nr 34<br \/>\n2. Stachacz Andrzej &#8211; nr 38<br \/>\n3. Strzelecki W\u0142odzimierz &#8211; nr 34<br \/>\n4. Siemi\u0105tkowski Jerzy -nr 34<br \/>\n5. Romianik \u0141ukasz &#8211; nr 38<br \/>\n6. Lis Zbigniew &#8211; nr 38<\/p>\n<p style=\"text-align: center;\"><a href=\"http:\/\/www.ostroleka.com.pl\/gallery_pzw\/thumbnails.php?album=72\" target=\"_blank\">Patrz w galerii foto &gt;&gt;<\/a><\/p>\n<p style=\"text-align: center;\">Ponadto w dniu 6 lutego dwie nasze reprezentacje uczestniczy\u0142y w Mistrzostwach Podlodowych Okr\u0119gu Mazowieckiego.<\/p>\n<p style=\"text-align: right;\">Z pozdrowieniem w\u0119dkarskim<br \/>\nandraszoka<\/p>\n","protected":false},"excerpt":{"rendered":"<p>W\u0119dkarze z Ko\u0142a nr 38 Narew w Ostro\u0142\u0119ce w sezonie zimowym rozegrali zawody w w\u0119dkarstwie podlodowym.<\/p>\n","protected":false},"author":1,"featured_media":0,"comment_status":"closed","ping_status":"closed","sticky":false,"template":"","format":"standard","meta":{"footnotes":""},"categories":[20,17],"tags":[],"class_list":["post-796","post","type-post","status-publish","format-standard","hentry","category-newsy","category-imprezy"],"_links":{"self":[{"href":"https:\/\/www.pzwnarew.pl\/index.php?rest_route=\/wp\/v2\/posts\/796","targetHints":{"allow":["GET"]}}],"collection":[{"href":"https:\/\/www.pzwnarew.pl\/index.php?rest_route=\/wp\/v2\/posts"}],"about":[{"href":"https:\/\/www.pzwnarew.pl\/index.php?rest_route=\/wp\/v2\/types\/post"}],"author":[{"embeddable":true,"href":"https:\/\/www.pzwnarew.pl\/index.php?rest_route=\/wp\/v2\/users\/1"}],"replies":[{"embeddable":true,"href":"https:\/\/www.pzwnarew.pl\/index.php?rest_route=%2Fwp%2Fv2%2Fcomments&post=796"}],"version-history":[{"count":8,"href":"https:\/\/www.pzwnarew.pl\/index.php?rest_route=\/wp\/v2\/posts\/796\/revisions"}],"predecessor-version":[{"id":804,"href":"https:\/\/www.pzwnarew.pl\/index.php?rest_route=\/wp\/v2\/posts\/796\/revisions\/804"}],"wp:attachment":[{"href":"https:\/\/www.pzwnarew.pl\/index.php?rest_route=%2Fwp%2Fv2%2Fmedia&parent=796"}],"wp:term":[{"taxonomy":"category","embeddable":true,"href":"https:\/\/www.pzwnarew.pl\/index.php?rest_route=%2Fwp%2Fv2%2Fcategories&post=796"},{"taxonomy":"post_tag","embeddable":true,"href":"https:\/\/www.pzwnarew.pl\/index.php?rest_route=%2Fwp%2Fv2%2Ftags&post=796"}],"curies":[{"name":"wp","href":"https:\/\/api.w.org\/{rel}","templated":true}]}}