{"id":7907,"date":"2018-04-08T16:27:16","date_gmt":"2018-04-08T14:27:16","guid":{"rendered":"http:\/\/www.pzwnarew.pl\/?p=7907"},"modified":"2018-04-08T16:27:16","modified_gmt":"2018-04-08T14:27:16","slug":"nasi-sedziowe-na-wyjezdzie","status":"publish","type":"post","link":"https:\/\/www.pzwnarew.pl\/?p=7907","title":{"rendered":"Nasi s\u0119dziowe na wyje\u017adzie"},"content":{"rendered":"<p>Zawody sp\u0142awikowe Grand Prix OM PZW zaliczone<a href=\"http:\/\/www.pzwnarew.pl\/wp-content\/uploads\/2018\/04\/FB_IMG_1523197232936.jpg\"><img loading=\"lazy\" decoding=\"async\" class=\"alignright size-thumbnail wp-image-7908\" src=\"http:\/\/www.pzwnarew.pl\/wp-content\/uploads\/2018\/04\/FB_IMG_1523197232936-150x150.jpg\" alt=\"FB_IMG_1523197232936\" width=\"150\" height=\"150\" \/><\/a> w pe\u0142nym sk\u0142adzie. Trzech s\u0119dzi\u00f3w w\u0119dkarskich z naszego kola PZW Narew:\u00a0 Andrzej, Sebastiana oraz Pawe\u0142 s\u0119dziowali na kanale \u017cera\u0144skim ogromne zawody sp\u0142awikowe organizowane przez okr\u0119g mazowiecki.<\/p>\n","protected":false},"excerpt":{"rendered":"<p>Zawody sp\u0142awikowe Grand Prix OM PZW zaliczone w pe\u0142nym sk\u0142adzie. Trzech s\u0119dzi\u00f3w w\u0119dkarskich z naszego kola PZW Narew:\u00a0 Andrzej, Sebastiana oraz Pawe\u0142 s\u0119dziowali na kanale \u017cera\u0144skim ogromne zawody sp\u0142awikowe organizowane przez okr\u0119g mazowiecki.<\/p>\n","protected":false},"author":2,"featured_media":0,"comment_status":"open","ping_status":"closed","sticky":false,"template":"","format":"standard","meta":{"footnotes":""},"categories":[20],"tags":[],"class_list":["post-7907","post","type-post","status-publish","format-standard","hentry","category-newsy"],"_links":{"self":[{"href":"https:\/\/www.pzwnarew.pl\/index.php?rest_route=\/wp\/v2\/posts\/7907","targetHints":{"allow":["GET"]}}],"collection":[{"href":"https:\/\/www.pzwnarew.pl\/index.php?rest_route=\/wp\/v2\/posts"}],"about":[{"href":"https:\/\/www.pzwnarew.pl\/index.php?rest_route=\/wp\/v2\/types\/post"}],"author":[{"embeddable":true,"href":"https:\/\/www.pzwnarew.pl\/index.php?rest_route=\/wp\/v2\/users\/2"}],"replies":[{"embeddable":true,"href":"https:\/\/www.pzwnarew.pl\/index.php?rest_route=%2Fwp%2Fv2%2Fcomments&post=7907"}],"version-history":[{"count":1,"href":"https:\/\/www.pzwnarew.pl\/index.php?rest_route=\/wp\/v2\/posts\/7907\/revisions"}],"predecessor-version":[{"id":7909,"href":"https:\/\/www.pzwnarew.pl\/index.php?rest_route=\/wp\/v2\/posts\/7907\/revisions\/7909"}],"wp:attachment":[{"href":"https:\/\/www.pzwnarew.pl\/index.php?rest_route=%2Fwp%2Fv2%2Fmedia&parent=7907"}],"wp:term":[{"taxonomy":"category","embeddable":true,"href":"https:\/\/www.pzwnarew.pl\/index.php?rest_route=%2Fwp%2Fv2%2Fcategories&post=7907"},{"taxonomy":"post_tag","embeddable":true,"href":"https:\/\/www.pzwnarew.pl\/index.php?rest_route=%2Fwp%2Fv2%2Ftags&post=7907"}],"curies":[{"name":"wp","href":"https:\/\/api.w.org\/{rel}","templated":true}]}}