{"id":7903,"date":"2018-04-07T19:18:53","date_gmt":"2018-04-07T17:18:53","guid":{"rendered":"http:\/\/www.pzwnarew.pl\/?p=7903"},"modified":"2018-04-17T22:48:48","modified_gmt":"2018-04-17T20:48:48","slug":"x-sprzatanie-i-odmulanie-omulwi","status":"publish","type":"post","link":"https:\/\/www.pzwnarew.pl\/?p=7903","title":{"rendered":"X SPRZATANIE I ODMULANIE OMULWI"},"content":{"rendered":"<p>W dniu dzisiejszym tj. 7 kwietnia w\u0119dkarz, animator<a href=\"http:\/\/www.pzwnarew.pl\/wp-content\/uploads\/2018\/04\/received_2029629847287932.jpeg\"><img loading=\"lazy\" decoding=\"async\" class=\"alignright size-thumbnail wp-image-7912\" src=\"http:\/\/www.pzwnarew.pl\/wp-content\/uploads\/2018\/04\/received_2029629847287932-150x150.jpeg\" alt=\"received_2029629847287932\" width=\"150\" height=\"150\" \/><\/a> i\u00a0 &#8222;Mors Grze\u015b&#8221; Grzegorz Ziemek wsp\u00f3lnie\u00a0 i przy pomocy zorganizowa\u0142 dziesi\u0105ty jubileuszowy sp\u0142yw Omulwi\u0105 po\u0142\u0105czony ze sprz\u0105taniem i czyszczeniem ze \u015bmieci tej pi\u0119knej rzeki. Wielu m\u0142odych ludzi p\u0142etwonurk\u00f3w, stra\u017cak\u00f3w, klub &#8222;Arapaima&#8221; oraz wiele innych os\u00f3b zwi\u0105zanych z wod\u0105 zainaugurowa\u0142o sezon wodniacki z wielkim ekologicznym przytupem. Nasze ko\u0142o wspar\u0142o te <!--more-->pi\u0119kn\u0105 imprez\u0119 i musimy wpisa\u0107 ja od nast\u0119pnego roku jako g\u0142\u00f3wna pierwsza imprez\u0119 inauguruj\u0105c\u0105 sezon letni. Dzi\u0119kujemy Panu Bohdanowi Wojciechowskiemu nie tylko za dzisiejsza przychylno\u015b\u0107 ale tak\u017ce za wa\u017cny jego wk\u0142ad w zarybianie szczeg\u00f3lnie rzeki Omulwi.<a href=\"http:\/\/www.pzwnarew.pl\/wp-content\/uploads\/2018\/04\/received_2029629903954593.jpeg\"><img loading=\"lazy\" decoding=\"async\" class=\"alignleft size-thumbnail wp-image-7932\" src=\"http:\/\/www.pzwnarew.pl\/wp-content\/uploads\/2018\/04\/received_2029629903954593-150x150.jpeg\" alt=\"received_2029629903954593\" width=\"150\" height=\"150\" \/><\/a><a href=\"http:\/\/www.pzwnarew.pl\/wp-content\/uploads\/2018\/04\/received_2029629900621260.jpeg\"><img loading=\"lazy\" decoding=\"async\" class=\"alignleft size-thumbnail wp-image-7933\" src=\"http:\/\/www.pzwnarew.pl\/wp-content\/uploads\/2018\/04\/received_2029629900621260-150x150.jpeg\" alt=\"received_2029629900621260\" width=\"150\" height=\"150\" \/><\/a><a href=\"http:\/\/www.pzwnarew.pl\/wp-content\/uploads\/2018\/04\/received_2029629887287928.jpeg\"><img loading=\"lazy\" decoding=\"async\" class=\"alignleft size-thumbnail wp-image-7934\" src=\"http:\/\/www.pzwnarew.pl\/wp-content\/uploads\/2018\/04\/received_2029629887287928-150x150.jpeg\" alt=\"received_2029629887287928\" width=\"150\" height=\"150\" \/><\/a><\/p>\n<p>relacja filmowa na fanpaegu Facebook ko\u0142a Narew.<\/p>\n","protected":false},"excerpt":{"rendered":"<p>W dniu dzisiejszym tj. 7 kwietnia w\u0119dkarz, animator i\u00a0 &#8222;Mors Grze\u015b&#8221; Grzegorz Ziemek wsp\u00f3lnie\u00a0 i przy pomocy zorganizowa\u0142 dziesi\u0105ty jubileuszowy sp\u0142yw Omulwi\u0105 po\u0142\u0105czony ze sprz\u0105taniem i czyszczeniem ze \u015bmieci tej pi\u0119knej rzeki. Wielu m\u0142odych ludzi p\u0142etwonurk\u00f3w, stra\u017cak\u00f3w, klub &#8222;Arapaima&#8221; oraz wiele innych os\u00f3b zwi\u0105zanych z wod\u0105 zainaugurowa\u0142o sezon wodniacki z wielkim ekologicznym przytupem. Nasze ko\u0142o wspar\u0142o te<\/p>\n","protected":false},"author":4,"featured_media":0,"comment_status":"open","ping_status":"closed","sticky":false,"template":"","format":"standard","meta":{"footnotes":""},"categories":[20],"tags":[],"class_list":["post-7903","post","type-post","status-publish","format-standard","hentry","category-newsy"],"_links":{"self":[{"href":"https:\/\/www.pzwnarew.pl\/index.php?rest_route=\/wp\/v2\/posts\/7903","targetHints":{"allow":["GET"]}}],"collection":[{"href":"https:\/\/www.pzwnarew.pl\/index.php?rest_route=\/wp\/v2\/posts"}],"about":[{"href":"https:\/\/www.pzwnarew.pl\/index.php?rest_route=\/wp\/v2\/types\/post"}],"author":[{"embeddable":true,"href":"https:\/\/www.pzwnarew.pl\/index.php?rest_route=\/wp\/v2\/users\/4"}],"replies":[{"embeddable":true,"href":"https:\/\/www.pzwnarew.pl\/index.php?rest_route=%2Fwp%2Fv2%2Fcomments&post=7903"}],"version-history":[{"count":8,"href":"https:\/\/www.pzwnarew.pl\/index.php?rest_route=\/wp\/v2\/posts\/7903\/revisions"}],"predecessor-version":[{"id":7936,"href":"https:\/\/www.pzwnarew.pl\/index.php?rest_route=\/wp\/v2\/posts\/7903\/revisions\/7936"}],"wp:attachment":[{"href":"https:\/\/www.pzwnarew.pl\/index.php?rest_route=%2Fwp%2Fv2%2Fmedia&parent=7903"}],"wp:term":[{"taxonomy":"category","embeddable":true,"href":"https:\/\/www.pzwnarew.pl\/index.php?rest_route=%2Fwp%2Fv2%2Fcategories&post=7903"},{"taxonomy":"post_tag","embeddable":true,"href":"https:\/\/www.pzwnarew.pl\/index.php?rest_route=%2Fwp%2Fv2%2Ftags&post=7903"}],"curies":[{"name":"wp","href":"https:\/\/api.w.org\/{rel}","templated":true}]}}