{"id":7859,"date":"2018-03-11T15:07:18","date_gmt":"2018-03-11T14:07:18","guid":{"rendered":"http:\/\/www.pzwnarew.pl\/?p=7859"},"modified":"2018-03-16T22:26:16","modified_gmt":"2018-03-16T21:26:16","slug":"zebranie-sprawozdawcze-3","status":"publish","type":"post","link":"https:\/\/www.pzwnarew.pl\/?p=7859","title":{"rendered":"Zebranie sprawozdawcze"},"content":{"rendered":"<p>W dniu dzisiejszym odby\u0142o si\u0119 zebranie sprawozdawcze naszego ko\u0142a. W<a href=\"http:\/\/www.pzwnarew.pl\/wp-content\/uploads\/2018\/03\/IMG_0104.jpg\"><img loading=\"lazy\" decoding=\"async\" class=\"alignright size-thumbnail wp-image-7860\" src=\"http:\/\/www.pzwnarew.pl\/wp-content\/uploads\/2018\/03\/IMG_0104-150x150.jpg\" alt=\"IMG_0104\" width=\"150\" height=\"150\" \/><\/a> zebraniu uczestniczy\u0142 cz\u0142onek zarz\u0105du OM PZW Waldemar Borowy. W czasie zebrania uhonorowany zosta\u0142 srebrn\u0105 odznak\u0105 PZW kolega z naszego ko\u0142a Rafa\u0142 Wojtkowiak za zas\u0142ugi dla w\u0119dkarstwa polskiego. Statuetk\u0119 za wyniki oraz wsp\u00f3\u0142prace w Pa\u0144stwow\u0105 Stra\u017c\u0105 Ryback\u0105 z Ostro\u0142\u0119ki otrzyma\u0142 Janusz Gumkowski. Statuetk\u0119 za dow\u00f3d wdzi\u0119czno\u015bci za prace spo\u0142eczn\u0105 Kapitana Sportowego oraz w uznaniu 40 lecia przynale\u017cno\u015bci do PZW otrzyma\u0142 Tyszka Grzegorz.Podczas zebrania nakre\u015blono plan pracy na 2018 rok zatwierdzono bud\u017cet oraz ustalono z jakimi problemami b\u0119dziemy chcieli zwr\u00f3ci\u0107 sie do w\u0142adz zwierzchnich czyli do OM w Warszawie.<!--more--><\/p>\n<p>&nbsp;<\/p>\n<p>&nbsp;<\/p>\n<p>&nbsp;<\/p>\n<p><a href=\"http:\/\/www.pzwnarew.pl\/gallery_pzw\/thumbnails.php?album=254\"><img loading=\"lazy\" decoding=\"async\" class=\"aligncenter size-full wp-image-4190\" src=\"http:\/\/www.pzwnarew.pl\/wp-content\/uploads\/2013\/04\/play-galeria.jpg\" alt=\"play galeria\" width=\"342\" height=\"213\" srcset=\"https:\/\/www.pzwnarew.pl\/wp-content\/uploads\/2013\/04\/play-galeria.jpg 342w, https:\/\/www.pzwnarew.pl\/wp-content\/uploads\/2013\/04\/play-galeria-300x186.jpg 300w\" sizes=\"auto, (max-width: 342px) 100vw, 342px\" \/><\/a><\/p>\n","protected":false},"excerpt":{"rendered":"<p>W dniu dzisiejszym odby\u0142o si\u0119 zebranie sprawozdawcze naszego ko\u0142a. W zebraniu uczestniczy\u0142 cz\u0142onek zarz\u0105du OM PZW Waldemar Borowy. W czasie zebrania uhonorowany zosta\u0142 srebrn\u0105 odznak\u0105 PZW kolega z naszego ko\u0142a Rafa\u0142 Wojtkowiak za zas\u0142ugi dla w\u0119dkarstwa polskiego. Statuetk\u0119 za wyniki oraz wsp\u00f3\u0142prace w Pa\u0144stwow\u0105 Stra\u017c\u0105 Ryback\u0105 z Ostro\u0142\u0119ki otrzyma\u0142 Janusz Gumkowski. Statuetk\u0119 za dow\u00f3d wdzi\u0119czno\u015bci za prace spo\u0142eczn\u0105 Kapitana Sportowego oraz w uznaniu 40 lecia przynale\u017cno\u015bci do PZW otrzyma\u0142 Tyszka Grzegorz.Podczas zebrania nakre\u015blono plan pracy na 2018 rok zatwierdzono bud\u017cet&#8230;<\/p>\n<p class=\"read-more\"><a class=\"btn btn-default\" href=\"https:\/\/www.pzwnarew.pl\/?p=7859\"> Read More<span class=\"screen-reader-text\">  Read More<\/span><\/a><\/p>\n","protected":false},"author":2,"featured_media":0,"comment_status":"open","ping_status":"closed","sticky":false,"template":"","format":"standard","meta":{"footnotes":""},"categories":[20],"tags":[],"class_list":["post-7859","post","type-post","status-publish","format-standard","hentry","category-newsy"],"_links":{"self":[{"href":"https:\/\/www.pzwnarew.pl\/index.php?rest_route=\/wp\/v2\/posts\/7859","targetHints":{"allow":["GET"]}}],"collection":[{"href":"https:\/\/www.pzwnarew.pl\/index.php?rest_route=\/wp\/v2\/posts"}],"about":[{"href":"https:\/\/www.pzwnarew.pl\/index.php?rest_route=\/wp\/v2\/types\/post"}],"author":[{"embeddable":true,"href":"https:\/\/www.pzwnarew.pl\/index.php?rest_route=\/wp\/v2\/users\/2"}],"replies":[{"embeddable":true,"href":"https:\/\/www.pzwnarew.pl\/index.php?rest_route=%2Fwp%2Fv2%2Fcomments&post=7859"}],"version-history":[{"count":9,"href":"https:\/\/www.pzwnarew.pl\/index.php?rest_route=\/wp\/v2\/posts\/7859\/revisions"}],"predecessor-version":[{"id":7873,"href":"https:\/\/www.pzwnarew.pl\/index.php?rest_route=\/wp\/v2\/posts\/7859\/revisions\/7873"}],"wp:attachment":[{"href":"https:\/\/www.pzwnarew.pl\/index.php?rest_route=%2Fwp%2Fv2%2Fmedia&parent=7859"}],"wp:term":[{"taxonomy":"category","embeddable":true,"href":"https:\/\/www.pzwnarew.pl\/index.php?rest_route=%2Fwp%2Fv2%2Fcategories&post=7859"},{"taxonomy":"post_tag","embeddable":true,"href":"https:\/\/www.pzwnarew.pl\/index.php?rest_route=%2Fwp%2Fv2%2Ftags&post=7859"}],"curies":[{"name":"wp","href":"https:\/\/api.w.org\/{rel}","templated":true}]}}