{"id":7822,"date":"2018-02-18T15:41:41","date_gmt":"2018-02-18T14:41:41","guid":{"rendered":"http:\/\/www.pzwnarew.pl\/?p=7822"},"modified":"2018-02-20T13:17:00","modified_gmt":"2018-02-20T12:17:00","slug":"mistrzostwa-podlodowe-pzw-narew","status":"publish","type":"post","link":"https:\/\/www.pzwnarew.pl\/?p=7822","title":{"rendered":"Mistrzostwa podlodowe PZW Narew"},"content":{"rendered":"<p>Wy\u015blij dniu 18.02.2018 roku na jeziorze Nidzkim <a href=\"http:\/\/www.pzwnarew.pl\/wp-content\/uploads\/2018\/02\/IMG_0101.jpg\"><img loading=\"lazy\" decoding=\"async\" class=\"alignright size-thumbnail wp-image-7823\" src=\"http:\/\/www.pzwnarew.pl\/wp-content\/uploads\/2018\/02\/IMG_0101-150x150.jpg\" alt=\"IMG_0101\" width=\"150\" height=\"150\" \/><\/a>odby\u0142y si\u0119 Mistrzostwa podlodowe w\u0119dkarzy zrzeszonych w kole PZW Narew. By\u0142a to wycieczka &#8222;impreza&#8221; po\u0142\u0105czona z Mistrzostwami podlodowymi. W imprezie wzi\u0119\u0142o udzia\u0142 32 w\u0119dkarzy, za\u015b w zawodach uczestniczy\u0142o 22 osoby, po 5 godzinnej walce 22 w\u0119dkarzy \u0142\u0105cznie z\u0142owi\u0142o 65 kg ryb.<\/p>\n<p>Mistrzem ko\u0142a na rok 2018 zosta\u0142:<\/p>\n<p>1. Choroma\u0144ski Marek z punktacj\u0105 6510 punkt\u00f3w.<\/p>\n<p>2. Pietras Adam z punktacj\u0105 5530 punkt\u00f3w.<\/p>\n<p>3. Wrzeszcz Piotr 5455 punkt\u00f3w<\/p>\n<p>4. Gr\u0105dzki Tomasz 4875 punkt\u00f3w\u00a0\u00a0\u00a0 <!--more--><\/p>\n<p>5. Leonaski Leszek 4195 punkt\u00f3w<\/p>\n<p>Najwi\u0119ksz\u0105 ryb\u0119 zawod\u00f3w z\u0142owi\u0142 Zi\u0119ba Pawe\u0142 by\u0142 to Leszcz 490 gram<\/p>\n<p>Nagranie z wr\u0119czenia nagr\u00f3d na naszym fb &#8211; <a href=\"https:\/\/www.facebook.com\/narew38\/videos\/936649176497811\/\">https:\/\/www.facebook.com\/narew38\/videos\/936649176497811\/<\/a><\/p>\n<p>Wielkie podzi\u0119kowania dla Ani Bazyd\u0142o za ugotowanie pysznych flak\u00f3w oraz piekarni Rycharski za ufundowanie pieczywa dla 32 g\u0142odnych w\u0119dkarzy. Wielkie podzi\u0119kowanie za obs\u0142ug\u0119 zawod\u00f3w dla :Tomasza Zi\u0119by, Rafa\u0142a Wojtkowiak, Sebastiana Bia\u0142czaka, Rukasza Paw\u0142a, Andrzeja Raszkiewicza, Andrzeja Za\u0142\u0119skiego.<\/p>\n<p><em>Publikacja zgodna z Ustaw\u0105 o Ochronie Danych Osobowych \u00a0 \u00a0 \u00a0 \u00a0<a href=\"http:\/\/www.pzwnarew.pl\/wp-content\/uploads\/2018\/02\/l\u00f3d-001.jpg\"><img loading=\"lazy\" decoding=\"async\" class=\"alignleft size-medium wp-image-7836\" src=\"http:\/\/www.pzwnarew.pl\/wp-content\/uploads\/2018\/02\/l\u00f3d-001-218x300.jpg\" alt=\"l\u00f3d 001\" width=\"218\" height=\"300\" srcset=\"https:\/\/www.pzwnarew.pl\/wp-content\/uploads\/2018\/02\/l\u00f3d-001-218x300.jpg 218w, https:\/\/www.pzwnarew.pl\/wp-content\/uploads\/2018\/02\/l\u00f3d-001-745x1024.jpg 745w, https:\/\/www.pzwnarew.pl\/wp-content\/uploads\/2018\/02\/l\u00f3d-001.jpg 1700w\" sizes=\"auto, (max-width: 218px) 100vw, 218px\" \/><\/a>Oficjalne wyniki<\/em><\/p>\n<p><a href=\"http:\/\/www.pzwnarew.pl\/gallery_pzw\/thumbnails.php?album=253\"><img loading=\"lazy\" decoding=\"async\" class=\"aligncenter size-full wp-image-4190\" src=\"http:\/\/www.pzwnarew.pl\/wp-content\/uploads\/2013\/04\/play-galeria.jpg\" alt=\"play galeria\" width=\"342\" height=\"213\" srcset=\"https:\/\/www.pzwnarew.pl\/wp-content\/uploads\/2013\/04\/play-galeria.jpg 342w, https:\/\/www.pzwnarew.pl\/wp-content\/uploads\/2013\/04\/play-galeria-300x186.jpg 300w\" sizes=\"auto, (max-width: 342px) 100vw, 342px\" \/><\/a><\/p>\n","protected":false},"excerpt":{"rendered":"<p>Wy\u015blij dniu 18.02.2018 roku na jeziorze Nidzkim odby\u0142y si\u0119 Mistrzostwa podlodowe w\u0119dkarzy zrzeszonych w kole PZW Narew. By\u0142a to wycieczka &#8222;impreza&#8221; po\u0142\u0105czona z Mistrzostwami podlodowymi. W imprezie wzi\u0119\u0142o udzia\u0142 32 w\u0119dkarzy, za\u015b w zawodach uczestniczy\u0142o 22 osoby, po 5 godzinnej walce 22 w\u0119dkarzy \u0142\u0105cznie z\u0142owi\u0142o 65 kg ryb. Mistrzem ko\u0142a na rok 2018 zosta\u0142: 1. Choroma\u0144ski Marek z punktacj\u0105 6510 punkt\u00f3w. 2. Pietras Adam z punktacj\u0105 5530 punkt\u00f3w. 3. Wrzeszcz Piotr 5455 punkt\u00f3w 4. Gr\u0105dzki Tomasz 4875 punkt\u00f3w\u00a0\u00a0\u00a0<\/p>\n","protected":false},"author":2,"featured_media":0,"comment_status":"open","ping_status":"closed","sticky":false,"template":"","format":"standard","meta":{"footnotes":""},"categories":[20,17],"tags":[],"class_list":["post-7822","post","type-post","status-publish","format-standard","hentry","category-newsy","category-imprezy"],"_links":{"self":[{"href":"https:\/\/www.pzwnarew.pl\/index.php?rest_route=\/wp\/v2\/posts\/7822","targetHints":{"allow":["GET"]}}],"collection":[{"href":"https:\/\/www.pzwnarew.pl\/index.php?rest_route=\/wp\/v2\/posts"}],"about":[{"href":"https:\/\/www.pzwnarew.pl\/index.php?rest_route=\/wp\/v2\/types\/post"}],"author":[{"embeddable":true,"href":"https:\/\/www.pzwnarew.pl\/index.php?rest_route=\/wp\/v2\/users\/2"}],"replies":[{"embeddable":true,"href":"https:\/\/www.pzwnarew.pl\/index.php?rest_route=%2Fwp%2Fv2%2Fcomments&post=7822"}],"version-history":[{"count":12,"href":"https:\/\/www.pzwnarew.pl\/index.php?rest_route=\/wp\/v2\/posts\/7822\/revisions"}],"predecessor-version":[{"id":7840,"href":"https:\/\/www.pzwnarew.pl\/index.php?rest_route=\/wp\/v2\/posts\/7822\/revisions\/7840"}],"wp:attachment":[{"href":"https:\/\/www.pzwnarew.pl\/index.php?rest_route=%2Fwp%2Fv2%2Fmedia&parent=7822"}],"wp:term":[{"taxonomy":"category","embeddable":true,"href":"https:\/\/www.pzwnarew.pl\/index.php?rest_route=%2Fwp%2Fv2%2Fcategories&post=7822"},{"taxonomy":"post_tag","embeddable":true,"href":"https:\/\/www.pzwnarew.pl\/index.php?rest_route=%2Fwp%2Fv2%2Ftags&post=7822"}],"curies":[{"name":"wp","href":"https:\/\/api.w.org\/{rel}","templated":true}]}}