{"id":775,"date":"2010-01-17T00:05:56","date_gmt":"2010-01-16T23:05:56","guid":{"rendered":"http:\/\/www.ostroleka.com.pl\/pzw-narew38\/?p=775"},"modified":"2011-03-26T18:55:41","modified_gmt":"2011-03-26T17:55:41","slug":"epoka-lodowcowa-zawody-podlodowe-2010","status":"publish","type":"post","link":"https:\/\/www.pzwnarew.pl\/?p=775","title":{"rendered":"EPOKA LODOWCOWA &#8211; zawody podlodowe 2010"},"content":{"rendered":"<p><strong><a href=\"http:\/\/www.ostroleka.com.pl\/pzw-narew38\/wp-content\/uploads\/2011\/03\/podlod_2010_01.jpg\"><img loading=\"lazy\" decoding=\"async\" class=\"alignleft size-thumbnail wp-image-776\" title=\"podlod_2010_01\" src=\"http:\/\/www.ostroleka.com.pl\/pzw-narew38\/wp-content\/uploads\/2011\/03\/podlod_2010_01-150x150.jpg\" alt=\"\" width=\"150\" height=\"150\" \/><\/a><span style=\"color: #808000;\">W dniu 17 stycznia 2010 r. o godz. 4.30 rano 46 w\u0119dkarzy z Ko\u0142a PZW &#8222;Narew&#8221; w Ostro\u0142\u0119ce wyruszy\u0142o na \u015aniardwy na wycieczk\u0119 o zawody podlodowe.<\/span><\/strong><\/p>\n<p>Warunki jakie zastali\u015bmy na miejscu przeros\u0142y nasze wyobra\u017cenie o go\u015bcinnych \u015aniardwach.<br \/>\nAutobus dojecha\u0142 jedynie do m. Zdory , pr\u00f3ba dojechania autobusem do jeziora (ok. 2 km) sko\u0144czy\u0142a si\u0119 godzinnym wyci\u0105ganiem naszego busa przez dwa ci\u0105gniki na \u0142a\u0144cuchach ze \u015bnie\u017cnej topieli.<!--more--><\/p>\n<p>Pomimo mrozu &#8211; 80C i wiej\u0105cego wiatru, kt\u00f3ry na ca\u0142ym jeziorze wywo\u0142ywa\u0142 zamiecie \u015bnie\u017cne grupa 25 zawodnik\u00f3w razem z nasz\u0105 kr\u00f3low\u0105 \u015bniegu Katarzyn\u0105 Kamionowsk\u0105 rozegra\u0142a mistrzostwa podlodowe<\/p>\n<p>Ostateczna klasyfikacja zawodnik\u00f3w:<\/p>\n<p><span style=\"text-decoration: underline;\"><a href=\"http:\/\/www.ostroleka.com.pl\/pzw-narew38\/wp-content\/uploads\/2011\/03\/podlod_2010_02.jpg\"><img loading=\"lazy\" decoding=\"async\" class=\"alignright size-thumbnail wp-image-777\" title=\"podlod_2010_02\" src=\"http:\/\/www.ostroleka.com.pl\/pzw-narew38\/wp-content\/uploads\/2011\/03\/podlod_2010_02-150x150.jpg\" alt=\"\" width=\"150\" height=\"150\" \/><\/a>Seniorzy:<\/span><br \/>\nI miejsce &#8211; Grzegorz Tyszka<br \/>\nII miejsce- Zbigniew Lis<br \/>\nIII miejsce- Krzysztof Kwiatkowski<\/p>\n<p><span style=\"text-decoration: underline;\">Juniorzy:<\/span><br \/>\nI miejsce &#8211; Pawe\u0142 Czarnecki<br \/>\nII miejsce &#8211; Marcin Za\u0142\u0119ski<br \/>\nIII miejsce &#8211; Arkadiusz Czarnecki<br \/>\n\u00a0<\/p>\n<p>Dzi\u0119kujemy Panu Miros\u0142awowi Cwalinie prowadz\u0105cemu sklep i bar w m. Zdory za ciep\u0142\u0105 straw\u0119 i gor\u0105c\u0105 herbat\u0119.<\/p>\n<p style=\"text-align: center;\"><a href=\"http:\/\/www.ostroleka.com.pl\/gallery_pzw\/thumbnails.php?album=65\" target=\"_blank\">Wi\u0119cej zdj\u0119\u0107 z zawod\u00f3w w galerii PZW &#8222;Narew&#8221; &gt;&gt;<\/a><\/p>\n<p style=\"text-align: right;\">Z w\u0119dkarskim pozdrowieniem<br \/>\nandraszoka<\/p>\n","protected":false},"excerpt":{"rendered":"<p>W dniu 17 stycznia 2010 r. o godz. 4.30 rano 46 w\u0119dkarzy z Ko\u0142a PZW &#8222;Narew&#8221; w Ostro\u0142\u0119ce wyruszy\u0142o na \u015aniardwy na wycieczk\u0119 o zawody podlodowe. Warunki jakie zastali\u015bmy na miejscu przeros\u0142y nasze wyobra\u017cenie o go\u015bcinnych \u015aniardwach. Autobus dojecha\u0142 jedynie do m. Zdory , pr\u00f3ba dojechania autobusem do jeziora (ok. 2 km) sko\u0144czy\u0142a si\u0119 godzinnym wyci\u0105ganiem naszego busa przez dwa ci\u0105gniki na \u0142a\u0144cuchach ze \u015bnie\u017cnej topieli.<\/p>\n","protected":false},"author":1,"featured_media":0,"comment_status":"closed","ping_status":"closed","sticky":false,"template":"","format":"standard","meta":{"footnotes":""},"categories":[20,17],"tags":[],"class_list":["post-775","post","type-post","status-publish","format-standard","hentry","category-newsy","category-imprezy"],"_links":{"self":[{"href":"https:\/\/www.pzwnarew.pl\/index.php?rest_route=\/wp\/v2\/posts\/775","targetHints":{"allow":["GET"]}}],"collection":[{"href":"https:\/\/www.pzwnarew.pl\/index.php?rest_route=\/wp\/v2\/posts"}],"about":[{"href":"https:\/\/www.pzwnarew.pl\/index.php?rest_route=\/wp\/v2\/types\/post"}],"author":[{"embeddable":true,"href":"https:\/\/www.pzwnarew.pl\/index.php?rest_route=\/wp\/v2\/users\/1"}],"replies":[{"embeddable":true,"href":"https:\/\/www.pzwnarew.pl\/index.php?rest_route=%2Fwp%2Fv2%2Fcomments&post=775"}],"version-history":[{"count":4,"href":"https:\/\/www.pzwnarew.pl\/index.php?rest_route=\/wp\/v2\/posts\/775\/revisions"}],"predecessor-version":[{"id":1034,"href":"https:\/\/www.pzwnarew.pl\/index.php?rest_route=\/wp\/v2\/posts\/775\/revisions\/1034"}],"wp:attachment":[{"href":"https:\/\/www.pzwnarew.pl\/index.php?rest_route=%2Fwp%2Fv2%2Fmedia&parent=775"}],"wp:term":[{"taxonomy":"category","embeddable":true,"href":"https:\/\/www.pzwnarew.pl\/index.php?rest_route=%2Fwp%2Fv2%2Fcategories&post=775"},{"taxonomy":"post_tag","embeddable":true,"href":"https:\/\/www.pzwnarew.pl\/index.php?rest_route=%2Fwp%2Fv2%2Ftags&post=775"}],"curies":[{"name":"wp","href":"https:\/\/api.w.org\/{rel}","templated":true}]}}