{"id":7748,"date":"2017-12-27T17:37:05","date_gmt":"2017-12-27T16:37:05","guid":{"rendered":"http:\/\/www.pzwnarew.pl\/?p=7748"},"modified":"2018-01-08T11:48:28","modified_gmt":"2018-01-08T10:48:28","slug":"mlodziez-na-zawodach-rzutowych","status":"publish","type":"post","link":"https:\/\/www.pzwnarew.pl\/?p=7748","title":{"rendered":"Nasza reprezentacja m\u0142odzie\u017cy na zawodach rzutowych"},"content":{"rendered":"<p>W dniu 17 grudnia 2017 roku w T\u0142uszczu odby\u0142y si\u0119\u00a0 III Halowe\u00a0Rzutowe Mistrzostwa Okr\u0119gu Mazowieckiego. W <a href=\"http:\/\/www.pzwnarew.pl\/wp-content\/uploads\/2017\/12\/m\u0142odzie\u017c-reklama.jpg\"><img loading=\"lazy\" decoding=\"async\" class=\"alignright size-thumbnail wp-image-7743\" src=\"http:\/\/www.pzwnarew.pl\/wp-content\/uploads\/2017\/12\/m\u0142odzie\u017c-reklama-150x150.jpg\" alt=\"SONY DSC\" width=\"150\" height=\"150\" \/><\/a>zawodach uczestniczy\u0142a nasza reprezentacja w sk\u0142adzie :Oliwer Nurczyk, Bazyd\u0142o Sebastian, Terlikowski Piotr, Bazyd\u0142o Patrycja<!--more-->\u00a0. Rol\u0119 trener\u00f3w i opiekun\u00f3w pe\u0142nili Pa\u0144stwo Bazyd\u0142o oraz Micha\u0142 Terlikowski.Nasza dru\u017cyna zaj\u0119\u0142a ostatecznie VI miejsce utrzymuj\u0105c si\u0119 w \u015bcis\u0142ej czo\u0142\u00f3wce najlepszych reprezentacji k\u00f3\u0142 w\u0119dkarskich Okr\u0119gu Mazowieckiego.<\/p>\n<p><!--more--><\/p>\n<p><a href=\"http:\/\/www.pzwnarew.pl\/wp-content\/uploads\/2017\/12\/DSC08836.jpg\"><img loading=\"lazy\" decoding=\"async\" class=\"aligncenter size-large wp-image-7749\" src=\"http:\/\/www.pzwnarew.pl\/wp-content\/uploads\/2017\/12\/DSC08836-1024x575.jpg\" alt=\"SONY DSC\" width=\"640\" height=\"359\" srcset=\"https:\/\/www.pzwnarew.pl\/wp-content\/uploads\/2017\/12\/DSC08836-1024x575.jpg 1024w, https:\/\/www.pzwnarew.pl\/wp-content\/uploads\/2017\/12\/DSC08836-300x169.jpg 300w\" sizes=\"auto, (max-width: 640px) 100vw, 640px\" \/><\/a><\/p>\n<p><a href=\"http:\/\/www.pzwnarew.pl\/wp-content\/uploads\/2017\/12\/DSC08840.jpg\"><img loading=\"lazy\" decoding=\"async\" class=\"aligncenter size-large wp-image-7750\" src=\"http:\/\/www.pzwnarew.pl\/wp-content\/uploads\/2017\/12\/DSC08840-1024x575.jpg\" alt=\"SONY DSC\" width=\"640\" height=\"359\" srcset=\"https:\/\/www.pzwnarew.pl\/wp-content\/uploads\/2017\/12\/DSC08840-1024x575.jpg 1024w, https:\/\/www.pzwnarew.pl\/wp-content\/uploads\/2017\/12\/DSC08840-300x169.jpg 300w\" sizes=\"auto, (max-width: 640px) 100vw, 640px\" \/><\/a><a href=\"http:\/\/www.pzwnarew.pl\/wp-content\/uploads\/2017\/12\/DSC08837.jpg\"><img loading=\"lazy\" decoding=\"async\" class=\"aligncenter size-large wp-image-7751\" src=\"http:\/\/www.pzwnarew.pl\/wp-content\/uploads\/2017\/12\/DSC08837-1024x575.jpg\" alt=\"SONY DSC\" width=\"640\" height=\"359\" srcset=\"https:\/\/www.pzwnarew.pl\/wp-content\/uploads\/2017\/12\/DSC08837-1024x575.jpg 1024w, https:\/\/www.pzwnarew.pl\/wp-content\/uploads\/2017\/12\/DSC08837-300x169.jpg 300w\" sizes=\"auto, (max-width: 640px) 100vw, 640px\" \/><\/a><\/p>\n","protected":false},"excerpt":{"rendered":"<p>W dniu 17 grudnia 2017 roku w T\u0142uszczu odby\u0142y si\u0119\u00a0 III Halowe\u00a0Rzutowe Mistrzostwa Okr\u0119gu Mazowieckiego. W zawodach uczestniczy\u0142a nasza reprezentacja w sk\u0142adzie :Oliwer Nurczyk, Bazyd\u0142o Sebastian, Terlikowski Piotr, Bazyd\u0142o Patrycja<\/p>\n","protected":false},"author":4,"featured_media":0,"comment_status":"open","ping_status":"closed","sticky":false,"template":"","format":"standard","meta":{"footnotes":""},"categories":[20],"tags":[],"class_list":["post-7748","post","type-post","status-publish","format-standard","hentry","category-newsy"],"_links":{"self":[{"href":"https:\/\/www.pzwnarew.pl\/index.php?rest_route=\/wp\/v2\/posts\/7748","targetHints":{"allow":["GET"]}}],"collection":[{"href":"https:\/\/www.pzwnarew.pl\/index.php?rest_route=\/wp\/v2\/posts"}],"about":[{"href":"https:\/\/www.pzwnarew.pl\/index.php?rest_route=\/wp\/v2\/types\/post"}],"author":[{"embeddable":true,"href":"https:\/\/www.pzwnarew.pl\/index.php?rest_route=\/wp\/v2\/users\/4"}],"replies":[{"embeddable":true,"href":"https:\/\/www.pzwnarew.pl\/index.php?rest_route=%2Fwp%2Fv2%2Fcomments&post=7748"}],"version-history":[{"count":4,"href":"https:\/\/www.pzwnarew.pl\/index.php?rest_route=\/wp\/v2\/posts\/7748\/revisions"}],"predecessor-version":[{"id":7756,"href":"https:\/\/www.pzwnarew.pl\/index.php?rest_route=\/wp\/v2\/posts\/7748\/revisions\/7756"}],"wp:attachment":[{"href":"https:\/\/www.pzwnarew.pl\/index.php?rest_route=%2Fwp%2Fv2%2Fmedia&parent=7748"}],"wp:term":[{"taxonomy":"category","embeddable":true,"href":"https:\/\/www.pzwnarew.pl\/index.php?rest_route=%2Fwp%2Fv2%2Fcategories&post=7748"},{"taxonomy":"post_tag","embeddable":true,"href":"https:\/\/www.pzwnarew.pl\/index.php?rest_route=%2Fwp%2Fv2%2Ftags&post=7748"}],"curies":[{"name":"wp","href":"https:\/\/api.w.org\/{rel}","templated":true}]}}