{"id":7734,"date":"2017-12-20T14:10:24","date_gmt":"2017-12-20T13:10:24","guid":{"rendered":"http:\/\/www.pzwnarew.pl\/?p=7734"},"modified":"2017-12-20T14:24:33","modified_gmt":"2017-12-20T13:24:33","slug":"znaleziony-przemarzniety-pies","status":"publish","type":"post","link":"https:\/\/www.pzwnarew.pl\/?p=7734","title":{"rendered":"Znaleziony przemarzni\u0119ty pies"},"content":{"rendered":"<p>W dniu dzisiejszym stra\u017cnicy z ko\u0142a PZW Narew\u00a0 patroluj\u0105c Narew\u00a0 \u0142odzi\u0105 motorow\u0105 zauwa\u017cyli w lesie w okolicach <a href=\"http:\/\/www.pzwnarew.pl\/wp-content\/uploads\/2017\/12\/25624432_559357721067318_1390689665_o.jpg\"><img loading=\"lazy\" decoding=\"async\" class=\"alignright size-thumbnail wp-image-7735\" src=\"http:\/\/www.pzwnarew.pl\/wp-content\/uploads\/2017\/12\/25624432_559357721067318_1390689665_o-150x150.jpg\" alt=\"25624432_559357721067318_1390689665_o\" width=\"150\" height=\"150\" \/><\/a>mostu kolejowego psa. Pies le\u017ca\u0142 oko\u0142o 10 metr\u00f3w od brzegu rzeki i trz\u0105s\u0142 si\u0119 z zimna. Pies by\u0142 spokojny uda\u0142o si\u0119 wzi\u0105\u0107 nam go na motor\u00f3wk\u0119 i przetransportowali\u015bmy go na pla\u017c\u0119 miejsk\u0105 w Ostro\u0142\u0119ce &#8211; powiedzia\u0142 Dow\u00f3dca Grupy SSR Narew S\u0142awomir Budzi\u0142ek. Poinformowali\u015bmy wydzia\u0142 ochrony \u015brodowiska z urz\u0119du miasta o danej sytuacji. Dyrektor wydzia\u0142u poinformowa\u0142 schronisko Canis w Kruszewie o zabraniu psa z pla\u017cy miejskiej w Ostro\u0142\u0119ce. \u017beby nie traci\u0107 cennego czasu bo pies by\u0142 przemarzni\u0119ty, g\u0142odny i wycie\u0144czony postanowili\u015bmy sami zawie\u015b\u0107 go do schroniska w\u0142asnym samochodem \u017ceby nie traci\u0107 cennego czasu. Je\u015bli ktokolwiek poznaj\u0119 tego psa ze zdj\u0119cia pies jest do odebrania w schronisku Canis w Kruszewie <!--more--><\/p>\n<p><a href=\"http:\/\/www.pzwnarew.pl\/wp-content\/uploads\/2017\/12\/25530248_738051906387570_1975896815_n.jpg\"><img loading=\"lazy\" decoding=\"async\" class=\"aligncenter size-medium wp-image-7736\" src=\"http:\/\/www.pzwnarew.pl\/wp-content\/uploads\/2017\/12\/25530248_738051906387570_1975896815_n-300x180.jpg\" alt=\"25530248_738051906387570_1975896815_n\" width=\"300\" height=\"180\" srcset=\"https:\/\/www.pzwnarew.pl\/wp-content\/uploads\/2017\/12\/25530248_738051906387570_1975896815_n-300x180.jpg 300w, https:\/\/www.pzwnarew.pl\/wp-content\/uploads\/2017\/12\/25530248_738051906387570_1975896815_n.jpg 480w\" sizes=\"auto, (max-width: 300px) 100vw, 300px\" \/><\/a><a href=\"http:\/\/www.pzwnarew.pl\/wp-content\/uploads\/2017\/12\/25579259_559357711067319_1016228703_o.jpg\"><img loading=\"lazy\" decoding=\"async\" class=\"aligncenter size-medium wp-image-7737\" src=\"http:\/\/www.pzwnarew.pl\/wp-content\/uploads\/2017\/12\/25579259_559357711067319_1016228703_o-300x169.jpg\" alt=\"25579259_559357711067319_1016228703_o\" width=\"300\" height=\"169\" srcset=\"https:\/\/www.pzwnarew.pl\/wp-content\/uploads\/2017\/12\/25579259_559357711067319_1016228703_o-300x169.jpg 300w, https:\/\/www.pzwnarew.pl\/wp-content\/uploads\/2017\/12\/25579259_559357711067319_1016228703_o-1024x576.jpg 1024w, https:\/\/www.pzwnarew.pl\/wp-content\/uploads\/2017\/12\/25579259_559357711067319_1016228703_o.jpg 1920w\" sizes=\"auto, (max-width: 300px) 100vw, 300px\" \/><\/a><a href=\"http:\/\/www.pzwnarew.pl\/wp-content\/uploads\/2017\/12\/25564620_2079165735662996_16537608_n.jpg\"><img loading=\"lazy\" decoding=\"async\" class=\"aligncenter size-medium wp-image-7738\" src=\"http:\/\/www.pzwnarew.pl\/wp-content\/uploads\/2017\/12\/25564620_2079165735662996_16537608_n-169x300.jpg\" alt=\"25564620_2079165735662996_16537608_n\" width=\"169\" height=\"300\" srcset=\"https:\/\/www.pzwnarew.pl\/wp-content\/uploads\/2017\/12\/25564620_2079165735662996_16537608_n-169x300.jpg 169w, https:\/\/www.pzwnarew.pl\/wp-content\/uploads\/2017\/12\/25564620_2079165735662996_16537608_n.jpg 541w\" sizes=\"auto, (max-width: 169px) 100vw, 169px\" \/><\/a><a href=\"http:\/\/www.pzwnarew.pl\/wp-content\/uploads\/2017\/12\/25624432_559357721067318_1390689665_o.jpg\"><img loading=\"lazy\" decoding=\"async\" class=\"aligncenter size-medium wp-image-7735\" src=\"http:\/\/www.pzwnarew.pl\/wp-content\/uploads\/2017\/12\/25624432_559357721067318_1390689665_o-300x169.jpg\" alt=\"25624432_559357721067318_1390689665_o\" width=\"300\" height=\"169\" srcset=\"https:\/\/www.pzwnarew.pl\/wp-content\/uploads\/2017\/12\/25624432_559357721067318_1390689665_o-300x169.jpg 300w, https:\/\/www.pzwnarew.pl\/wp-content\/uploads\/2017\/12\/25624432_559357721067318_1390689665_o-1024x576.jpg 1024w, https:\/\/www.pzwnarew.pl\/wp-content\/uploads\/2017\/12\/25624432_559357721067318_1390689665_o.jpg 1920w\" sizes=\"auto, (max-width: 300px) 100vw, 300px\" \/><\/a><\/p>\n","protected":false},"excerpt":{"rendered":"<p>W dniu dzisiejszym stra\u017cnicy z ko\u0142a PZW Narew\u00a0 patroluj\u0105c Narew\u00a0 \u0142odzi\u0105 motorow\u0105 zauwa\u017cyli w lesie w okolicach mostu kolejowego psa. Pies le\u017ca\u0142 oko\u0142o 10 metr\u00f3w od brzegu rzeki i trz\u0105s\u0142 si\u0119 z zimna. Pies by\u0142 spokojny uda\u0142o si\u0119 wzi\u0105\u0107 nam go na motor\u00f3wk\u0119 i przetransportowali\u015bmy go na pla\u017c\u0119 miejsk\u0105 w Ostro\u0142\u0119ce &#8211; powiedzia\u0142 Dow\u00f3dca Grupy SSR Narew S\u0142awomir Budzi\u0142ek. Poinformowali\u015bmy wydzia\u0142 ochrony \u015brodowiska z urz\u0119du miasta o danej sytuacji. Dyrektor wydzia\u0142u poinformowa\u0142 schronisko Canis w Kruszewie o zabraniu psa z&#8230;<\/p>\n<p class=\"read-more\"><a class=\"btn btn-default\" href=\"https:\/\/www.pzwnarew.pl\/?p=7734\"> Read More<span class=\"screen-reader-text\">  Read More<\/span><\/a><\/p>\n","protected":false},"author":2,"featured_media":0,"comment_status":"open","ping_status":"closed","sticky":false,"template":"","format":"standard","meta":{"footnotes":""},"categories":[20,24],"tags":[],"class_list":["post-7734","post","type-post","status-publish","format-standard","hentry","category-newsy","category-ochrona-wod"],"_links":{"self":[{"href":"https:\/\/www.pzwnarew.pl\/index.php?rest_route=\/wp\/v2\/posts\/7734","targetHints":{"allow":["GET"]}}],"collection":[{"href":"https:\/\/www.pzwnarew.pl\/index.php?rest_route=\/wp\/v2\/posts"}],"about":[{"href":"https:\/\/www.pzwnarew.pl\/index.php?rest_route=\/wp\/v2\/types\/post"}],"author":[{"embeddable":true,"href":"https:\/\/www.pzwnarew.pl\/index.php?rest_route=\/wp\/v2\/users\/2"}],"replies":[{"embeddable":true,"href":"https:\/\/www.pzwnarew.pl\/index.php?rest_route=%2Fwp%2Fv2%2Fcomments&post=7734"}],"version-history":[{"count":2,"href":"https:\/\/www.pzwnarew.pl\/index.php?rest_route=\/wp\/v2\/posts\/7734\/revisions"}],"predecessor-version":[{"id":7740,"href":"https:\/\/www.pzwnarew.pl\/index.php?rest_route=\/wp\/v2\/posts\/7734\/revisions\/7740"}],"wp:attachment":[{"href":"https:\/\/www.pzwnarew.pl\/index.php?rest_route=%2Fwp%2Fv2%2Fmedia&parent=7734"}],"wp:term":[{"taxonomy":"category","embeddable":true,"href":"https:\/\/www.pzwnarew.pl\/index.php?rest_route=%2Fwp%2Fv2%2Fcategories&post=7734"},{"taxonomy":"post_tag","embeddable":true,"href":"https:\/\/www.pzwnarew.pl\/index.php?rest_route=%2Fwp%2Fv2%2Ftags&post=7734"}],"curies":[{"name":"wp","href":"https:\/\/api.w.org\/{rel}","templated":true}]}}