{"id":7709,"date":"2017-12-15T16:12:24","date_gmt":"2017-12-15T15:12:24","guid":{"rendered":"http:\/\/www.pzwnarew.pl\/?p=7709"},"modified":"2017-12-16T13:40:56","modified_gmt":"2017-12-16T12:40:56","slug":"spotkanie-wigilijne","status":"publish","type":"post","link":"https:\/\/www.pzwnarew.pl\/?p=7709","title":{"rendered":"Spotkanie wigilijne"},"content":{"rendered":"<p>W dniu 15 grudnia 2017 r. w LUNIE NAD NARWI\u0104 w<a href=\"http:\/\/www.pzwnarew.pl\/wp-content\/uploads\/2017\/12\/IMG_20171215_184730.jpg\"><img loading=\"lazy\" decoding=\"async\" class=\"alignright size-thumbnail wp-image-7716\" src=\"http:\/\/www.pzwnarew.pl\/wp-content\/uploads\/2017\/12\/IMG_20171215_184730-150x150.jpg\" alt=\"IMG_20171215_184730\" width=\"150\" height=\"150\" \/><\/a> Ostro\u0142\u0119ce odby\u0142o si\u0119 uroczyste spotkanie wigilijne w\u0119dkarzy Ko\u0142a \u201eNAREW\u201d. Wigili\u0119 rozpocz\u0105\u0142 \u00a0Andrzej Raszkiewicz serdecznie witaj\u0105c 37 przyby\u0142ych go\u015bci. Prezes wszystkim w\u0119dkarzom oraz zaproszonym go\u015bciom z\u0142o\u017cy\u0142 gor\u0105ce \u017byczenia Bo\u017conarodzeniowe.<br \/>\nDokonano r\u00f3wnie\u017c podsumowania w\u0119dkarskiego konkursu na najwi\u0119ksz\u0105 ryb\u0119 w danym gatunku pn. \u201e\u0141owcy Okaz\u00f3w 2017\u2033.<br \/>\nZwyci\u0119zcami Konkursu zostali:<br \/>\n<strong>Piotr Mucha<\/strong> &#8211; z\u0142owi\u0142 szczupaka 77 cm, <strong>Kube\u0142 Adam<\/strong> &#8211; z\u0142owi\u0142 Suma d\u0142ugo\u015bci 102 cm, <strong>Sebastian \u017bebrowski<\/strong> &#8211; z\u0142owi\u0142 Leszcza 58cm, <strong>Janusz Prusi\u0144ski<\/strong> &#8211; z\u0142owi\u0142 Karasia 31 cm, <strong>Piotr Mrozek<\/strong> &#8211; z\u0142owi\u0142 Sap\u0119 39,5 cm, <strong>\u0141ukasz Garbulewski<\/strong> -z\u0142owi\u0142 okonia 40 cm \u201e\u0141owcy okaz\u00f3w\u201d otrzymali rze\u017abione statuetki pami\u0105tkowe.\u00a0\u00a0\u00a0\u00a0\u00a0 <!--more--><\/p>\n<p>W wigilii opr\u00f3cz cz\u0142onk\u00f3w w\u0142adz Ko\u0142a, Komisji Rewizyjnej i S\u0105du Kole\u017ce\u0144skiego, wzi\u0119li r\u00f3wnie\u017c udzia\u0142 stra\u017cnicy Spo\u0142ecznej Stra\u017cy Rybackiej dzia\u0142aj\u0105cej przy naszym kole PZW Narew oraz Komendant Pa\u0144stwowej Stra\u017cy Rybackiej z posterunku terenowego z Ostro\u0142\u0119ki Rafa\u0142 Wojtkowiak.\u00a0Komendant PSR Rafa\u0142 Wojtkowiak podzi\u0119kowa\u0142 dow\u00f3dcy grupy SSR Narew S\u0142awomirowi Budzi\u0142ek za wsp\u00f3lne patrole i wyniki uzyskane w 2017 roku \u00a0z posterunkiem PSR z Ostro\u0142\u0119ki. Podzi\u0119kowania trafi\u0142y te\u017c dla stra\u017cnik\u00f3w: Roberta Polaka, Adama Dziergowskiego, Tomasza Zi\u0119b\u0119 oraz Jaros\u0142awa Mierzejewskiego bior\u0105cy czynny udzia\u0142 we wsp\u00f3lnych patrolach. Komendant Rafa\u0142 Wojtkowiak wr\u0119czaj\u0105c pami\u0105tkowe statuetki Podzi\u0119kowa\u0142 Kolegom ze Spo\u0142ecznej Stra\u017cy Rybackiej przy kole PZW Narew za wspieranie naszej s\u0142u\u017cby w dzia\u0142aniach.<\/p>\n<p>Nagrody \u00a0r\u00f3wnie\u017c za dzia\u0142alno\u015b\u0107 spo\u0142eczn\u0105 na rzecz ko\u0142a Narew otrzymali: Anna Bazyd\u0142o, Pawe\u0142 Bazyd\u0142o, Adam Kube\u0142, Rafa\u0142 Wojtkowiak, Tomasz Zi\u0119ba, Sebastian Bia\u0142czak, Grzegorz Tyszka, J\u00f3zef Dziadka, Micha\u0142 Terlikowski. Statuetk\u0119 pami\u0105tkowa za d\u0142ugo- letno\u015b\u0107 w kole otrzyma\u0142 Wojciech Krupka. Nagrod\u0119 niespodziank\u0119 dla naszego ko\u0142a przygotowa\u0142a szefowa restauracji \u00a0'Luna nad Narwi\u0105&#8217; pani Wioleta Nikodemska pi\u0119kny tort w kszta\u0142cie logo naszego ko\u0142a.. za kt\u00f3ry bardzo dzi\u0119kujemy.<br \/>\nCa\u0142o\u015b\u0107 imprezy zako\u0144czy\u0142a si\u0119 na \u017cyczeniu<br \/>\n\u201ewielu satysfakcji z dzia\u0142alno\u015bci w Kole PZW \u201eNAREW\u201d oraz \u201e\u2026aby\u015bmy spotkali si\u0119 w niezmienionym sk\u0142adzie osobowym na kolejnym spotkaniu wigilijnym.<\/p>\n<p>&nbsp;<\/p>\n<p><a href=\"http:\/\/www.pzwnarew.pl\/gallery_pzw\/thumbnails.php?album=252\"><img loading=\"lazy\" decoding=\"async\" class=\"aligncenter wp-image-4190 size-full\" src=\"http:\/\/www.pzwnarew.pl\/wp-content\/uploads\/2013\/04\/play-galeria.jpg\" alt=\"play galeria\" width=\"342\" height=\"213\" srcset=\"https:\/\/www.pzwnarew.pl\/wp-content\/uploads\/2013\/04\/play-galeria.jpg 342w, https:\/\/www.pzwnarew.pl\/wp-content\/uploads\/2013\/04\/play-galeria-300x186.jpg 300w\" sizes=\"auto, (max-width: 342px) 100vw, 342px\" \/><\/a><\/p>\n","protected":false},"excerpt":{"rendered":"<p>W dniu 15 grudnia 2017 r. w LUNIE NAD NARWI\u0104 w Ostro\u0142\u0119ce odby\u0142o si\u0119 uroczyste spotkanie wigilijne w\u0119dkarzy Ko\u0142a \u201eNAREW\u201d. Wigili\u0119 rozpocz\u0105\u0142 \u00a0Andrzej Raszkiewicz serdecznie witaj\u0105c 37 przyby\u0142ych go\u015bci. Prezes wszystkim w\u0119dkarzom oraz zaproszonym go\u015bciom z\u0142o\u017cy\u0142 gor\u0105ce \u017byczenia Bo\u017conarodzeniowe. Dokonano r\u00f3wnie\u017c podsumowania w\u0119dkarskiego konkursu na najwi\u0119ksz\u0105 ryb\u0119 w danym gatunku pn. \u201e\u0141owcy Okaz\u00f3w 2017\u2033. Zwyci\u0119zcami Konkursu zostali: Piotr Mucha &#8211; z\u0142owi\u0142 szczupaka 77 cm, Kube\u0142 Adam &#8211; z\u0142owi\u0142 Suma d\u0142ugo\u015bci 102 cm, Sebastian \u017bebrowski &#8211; z\u0142owi\u0142 Leszcza 58cm, Janusz Prusi\u0144ski&#8230;<\/p>\n<p class=\"read-more\"><a class=\"btn btn-default\" href=\"https:\/\/www.pzwnarew.pl\/?p=7709\"> Read More<span class=\"screen-reader-text\">  Read More<\/span><\/a><\/p>\n","protected":false},"author":2,"featured_media":0,"comment_status":"open","ping_status":"closed","sticky":false,"template":"","format":"standard","meta":{"footnotes":""},"categories":[20],"tags":[],"class_list":["post-7709","post","type-post","status-publish","format-standard","hentry","category-newsy"],"_links":{"self":[{"href":"https:\/\/www.pzwnarew.pl\/index.php?rest_route=\/wp\/v2\/posts\/7709","targetHints":{"allow":["GET"]}}],"collection":[{"href":"https:\/\/www.pzwnarew.pl\/index.php?rest_route=\/wp\/v2\/posts"}],"about":[{"href":"https:\/\/www.pzwnarew.pl\/index.php?rest_route=\/wp\/v2\/types\/post"}],"author":[{"embeddable":true,"href":"https:\/\/www.pzwnarew.pl\/index.php?rest_route=\/wp\/v2\/users\/2"}],"replies":[{"embeddable":true,"href":"https:\/\/www.pzwnarew.pl\/index.php?rest_route=%2Fwp%2Fv2%2Fcomments&post=7709"}],"version-history":[{"count":14,"href":"https:\/\/www.pzwnarew.pl\/index.php?rest_route=\/wp\/v2\/posts\/7709\/revisions"}],"predecessor-version":[{"id":7724,"href":"https:\/\/www.pzwnarew.pl\/index.php?rest_route=\/wp\/v2\/posts\/7709\/revisions\/7724"}],"wp:attachment":[{"href":"https:\/\/www.pzwnarew.pl\/index.php?rest_route=%2Fwp%2Fv2%2Fmedia&parent=7709"}],"wp:term":[{"taxonomy":"category","embeddable":true,"href":"https:\/\/www.pzwnarew.pl\/index.php?rest_route=%2Fwp%2Fv2%2Fcategories&post=7709"},{"taxonomy":"post_tag","embeddable":true,"href":"https:\/\/www.pzwnarew.pl\/index.php?rest_route=%2Fwp%2Fv2%2Ftags&post=7709"}],"curies":[{"name":"wp","href":"https:\/\/api.w.org\/{rel}","templated":true}]}}