{"id":7611,"date":"2017-10-02T15:53:13","date_gmt":"2017-10-02T13:53:13","guid":{"rendered":"http:\/\/www.pzwnarew.pl\/?p=7611"},"modified":"2017-10-02T20:31:35","modified_gmt":"2017-10-02T18:31:35","slug":"zawody-federowe-na-wykrocie","status":"publish","type":"post","link":"https:\/\/www.pzwnarew.pl\/?p=7611","title":{"rendered":"Zawody federowe na Wykrocie"},"content":{"rendered":"<p>W dniu 1.10.2017 roku w\u0119dkarze z ko\u0142a Narew 38 zako\u0144czyli zmagania w\u0119dkarskie na zawodach federowych <a href=\"http:\/\/www.pzwnarew.pl\/wp-content\/uploads\/2017\/10\/IMG_0140.jpg\"><img loading=\"lazy\" decoding=\"async\" class=\"alignright size-thumbnail wp-image-7612\" src=\"http:\/\/www.pzwnarew.pl\/wp-content\/uploads\/2017\/10\/IMG_0140-150x150.jpg\" alt=\"IMG_0140\" width=\"150\" height=\"150\" \/><\/a>rozgrywanym na trudnym \u0142owisku na Wykrocie..<br \/>\nWarunki do w\u0119dkowania by\u0142y nie najlepsze, zimna noc i ci\u0105gle wiej\u0105cy z p\u00f3\u0142nocy zimny wiatr. Nie sprzyja\u0142o to po\u0142owom w\u0119dkarskim. \u0141owiono g\u0142\u00f3wnie ma\u0142e leszczyki i p\u0142otki. Og\u00f3\u0142em walczy\u0142o w zawodach 36 zawodnik\u00f3w .<\/p>\n<p>I MIEJSCE &#8211; Leonarski Leszek<br \/>\nII Miejsce \u2013 Piotr Wrzeszcz<br \/>\nIII Miejsce \u2013 Pokornicki Karol<br \/>\nPodzi\u0119kowania dla Ani, Justyny, \u00a0Paw\u0142owi B, Paw\u0142owi R i Sebastianowi za organizacj\u0119.<\/p>\n<p>Oraz sponsorom: Delikatesy Delicje ul. Sienkiewicza, Piekarnia Rycharski, Sklep w\u0119dkarski LIN ul. Chopina<!--more--><\/p>\n<p><a href=\"http:\/\/www.pzwnarew.pl\/gallery_pzw\/thumbnails.php?album=247\"><img loading=\"lazy\" decoding=\"async\" class=\"aligncenter size-full wp-image-4190\" src=\"http:\/\/www.pzwnarew.pl\/wp-content\/uploads\/2013\/04\/play-galeria.jpg\" alt=\"play galeria\" width=\"342\" height=\"213\" srcset=\"https:\/\/www.pzwnarew.pl\/wp-content\/uploads\/2013\/04\/play-galeria.jpg 342w, https:\/\/www.pzwnarew.pl\/wp-content\/uploads\/2013\/04\/play-galeria-300x186.jpg 300w\" sizes=\"auto, (max-width: 342px) 100vw, 342px\" \/><\/a><\/p>\n","protected":false},"excerpt":{"rendered":"<p>W dniu 1.10.2017 roku w\u0119dkarze z ko\u0142a Narew 38 zako\u0144czyli zmagania w\u0119dkarskie na zawodach federowych rozgrywanym na trudnym \u0142owisku na Wykrocie.. Warunki do w\u0119dkowania by\u0142y nie najlepsze, zimna noc i ci\u0105gle wiej\u0105cy z p\u00f3\u0142nocy zimny wiatr. Nie sprzyja\u0142o to po\u0142owom w\u0119dkarskim. \u0141owiono g\u0142\u00f3wnie ma\u0142e leszczyki i p\u0142otki. Og\u00f3\u0142em walczy\u0142o w zawodach 36 zawodnik\u00f3w . I MIEJSCE &#8211; Leonarski Leszek II Miejsce \u2013 Piotr Wrzeszcz III Miejsce \u2013 Pokornicki Karol Podzi\u0119kowania dla Ani, Justyny, \u00a0Paw\u0142owi B, Paw\u0142owi R i Sebastianowi za&#8230;<\/p>\n<p class=\"read-more\"><a class=\"btn btn-default\" href=\"https:\/\/www.pzwnarew.pl\/?p=7611\"> Read More<span class=\"screen-reader-text\">  Read More<\/span><\/a><\/p>\n","protected":false},"author":2,"featured_media":0,"comment_status":"open","ping_status":"closed","sticky":false,"template":"","format":"standard","meta":{"footnotes":""},"categories":[20,17],"tags":[],"class_list":["post-7611","post","type-post","status-publish","format-standard","hentry","category-newsy","category-imprezy"],"_links":{"self":[{"href":"https:\/\/www.pzwnarew.pl\/index.php?rest_route=\/wp\/v2\/posts\/7611","targetHints":{"allow":["GET"]}}],"collection":[{"href":"https:\/\/www.pzwnarew.pl\/index.php?rest_route=\/wp\/v2\/posts"}],"about":[{"href":"https:\/\/www.pzwnarew.pl\/index.php?rest_route=\/wp\/v2\/types\/post"}],"author":[{"embeddable":true,"href":"https:\/\/www.pzwnarew.pl\/index.php?rest_route=\/wp\/v2\/users\/2"}],"replies":[{"embeddable":true,"href":"https:\/\/www.pzwnarew.pl\/index.php?rest_route=%2Fwp%2Fv2%2Fcomments&post=7611"}],"version-history":[{"count":4,"href":"https:\/\/www.pzwnarew.pl\/index.php?rest_route=\/wp\/v2\/posts\/7611\/revisions"}],"predecessor-version":[{"id":7616,"href":"https:\/\/www.pzwnarew.pl\/index.php?rest_route=\/wp\/v2\/posts\/7611\/revisions\/7616"}],"wp:attachment":[{"href":"https:\/\/www.pzwnarew.pl\/index.php?rest_route=%2Fwp%2Fv2%2Fmedia&parent=7611"}],"wp:term":[{"taxonomy":"category","embeddable":true,"href":"https:\/\/www.pzwnarew.pl\/index.php?rest_route=%2Fwp%2Fv2%2Fcategories&post=7611"},{"taxonomy":"post_tag","embeddable":true,"href":"https:\/\/www.pzwnarew.pl\/index.php?rest_route=%2Fwp%2Fv2%2Ftags&post=7611"}],"curies":[{"name":"wp","href":"https:\/\/api.w.org\/{rel}","templated":true}]}}