{"id":7601,"date":"2017-09-30T21:53:51","date_gmt":"2017-09-30T19:53:51","guid":{"rendered":"http:\/\/www.pzwnarew.pl\/?p=7601"},"modified":"2017-09-30T21:58:25","modified_gmt":"2017-09-30T19:58:25","slug":"klusownicy-zlapani-na-brajnikach","status":"publish","type":"post","link":"https:\/\/www.pzwnarew.pl\/?p=7601","title":{"rendered":"K\u0142usownicy z\u0142apani na Brajnikach"},"content":{"rendered":"<p>30 wrze\u015bnia 2017 roku stra\u017cnicy z Spo\u0142ecznej Stra\u017cy Rybackiej Narew nr 38 z\u00a0 Ostro\u0142\u0119ce wsp\u00f3lnie ze stra\u017cnikami ze<a href=\"http:\/\/www.pzwnarew.pl\/wp-content\/uploads\/2017\/09\/22164120_609609022762302_2084282580_o.jpg\"><img loading=\"lazy\" decoding=\"async\" class=\"alignright size-thumbnail wp-image-7602\" src=\"http:\/\/www.pzwnarew.pl\/wp-content\/uploads\/2017\/09\/22164120_609609022762302_2084282580_o-150x150.jpg\" alt=\"22164120_609609022762302_2084282580_o\" width=\"150\" height=\"150\" \/><\/a> Szczytna zatrzymali na gor\u0105cym uczynku\u00a0 dw\u00f3ch m\u0119\u017cczyzn, kt\u00f3ry dokonywa\u0142 nielegalnego po\u0142owu sieciowego na Jeziorze Brajnickim. K\u0142usowniki na widok patrolu wyrzuci\u0142 rozstawione do po\u0142owy sieci do wody i zacz\u0119li ucieka\u0107 \u0142odzi\u0105 na wios\u0142ach.Stra\u017cnicy z naszego ko\u0142a \u0142odzi\u0105 motorow\u0105 ju\u017c w ci\u0105gu paru sekund zatrzymali osoby. Jako dow\u00f3d w sprawie karnej zatrzymano \u0142\u00f3d\u017a oraz sieci rybackie. Dzia\u0142ania na Jeziorze Brajnickim wzmo\u017cone zosta\u0142y na pro\u015bb\u0119 Zarz\u0105du Okr\u0119gu Mazowieckiego.<\/p>\n<p>M\u0119\u017cczy\u017ani odpowiedz\u0105 za pope\u0142nienie przest\u0119pstwa okre\u015blonego w art. 27 c ust. 1 pkt 2 ustawy o rybactwie \u015br\u00f3dl\u0105dowym, za kt\u00f3re grozi kara grzywny, ograniczenia wolno\u015bci albo pozbawienia wolno\u015bci do lat 2. <!--more--><\/p>\n<p><a href=\"http:\/\/www.pzwnarew.pl\/gallery_pzw\/thumbnails.php?album=246\"><img loading=\"lazy\" decoding=\"async\" class=\"aligncenter size-full wp-image-4190\" src=\"http:\/\/www.pzwnarew.pl\/wp-content\/uploads\/2013\/04\/play-galeria.jpg\" alt=\"play galeria\" width=\"342\" height=\"213\" srcset=\"https:\/\/www.pzwnarew.pl\/wp-content\/uploads\/2013\/04\/play-galeria.jpg 342w, https:\/\/www.pzwnarew.pl\/wp-content\/uploads\/2013\/04\/play-galeria-300x186.jpg 300w\" sizes=\"auto, (max-width: 342px) 100vw, 342px\" \/><\/a><\/p>\n","protected":false},"excerpt":{"rendered":"<p>30 wrze\u015bnia 2017 roku stra\u017cnicy z Spo\u0142ecznej Stra\u017cy Rybackiej Narew nr 38 z\u00a0 Ostro\u0142\u0119ce wsp\u00f3lnie ze stra\u017cnikami ze Szczytna zatrzymali na gor\u0105cym uczynku\u00a0 dw\u00f3ch m\u0119\u017cczyzn, kt\u00f3ry dokonywa\u0142 nielegalnego po\u0142owu sieciowego na Jeziorze Brajnickim. K\u0142usowniki na widok patrolu wyrzuci\u0142 rozstawione do po\u0142owy sieci do wody i zacz\u0119li ucieka\u0107 \u0142odzi\u0105 na wios\u0142ach.Stra\u017cnicy z naszego ko\u0142a \u0142odzi\u0105 motorow\u0105 ju\u017c w ci\u0105gu paru sekund zatrzymali osoby. Jako dow\u00f3d w sprawie karnej zatrzymano \u0142\u00f3d\u017a oraz sieci rybackie. Dzia\u0142ania na Jeziorze Brajnickim wzmo\u017cone zosta\u0142y na pro\u015bb\u0119&#8230;<\/p>\n<p class=\"read-more\"><a class=\"btn btn-default\" href=\"https:\/\/www.pzwnarew.pl\/?p=7601\"> Read More<span class=\"screen-reader-text\">  Read More<\/span><\/a><\/p>\n","protected":false},"author":2,"featured_media":0,"comment_status":"open","ping_status":"closed","sticky":false,"template":"","format":"standard","meta":{"footnotes":""},"categories":[20,24],"tags":[],"class_list":["post-7601","post","type-post","status-publish","format-standard","hentry","category-newsy","category-ochrona-wod"],"_links":{"self":[{"href":"https:\/\/www.pzwnarew.pl\/index.php?rest_route=\/wp\/v2\/posts\/7601","targetHints":{"allow":["GET"]}}],"collection":[{"href":"https:\/\/www.pzwnarew.pl\/index.php?rest_route=\/wp\/v2\/posts"}],"about":[{"href":"https:\/\/www.pzwnarew.pl\/index.php?rest_route=\/wp\/v2\/types\/post"}],"author":[{"embeddable":true,"href":"https:\/\/www.pzwnarew.pl\/index.php?rest_route=\/wp\/v2\/users\/2"}],"replies":[{"embeddable":true,"href":"https:\/\/www.pzwnarew.pl\/index.php?rest_route=%2Fwp%2Fv2%2Fcomments&post=7601"}],"version-history":[{"count":4,"href":"https:\/\/www.pzwnarew.pl\/index.php?rest_route=\/wp\/v2\/posts\/7601\/revisions"}],"predecessor-version":[{"id":7606,"href":"https:\/\/www.pzwnarew.pl\/index.php?rest_route=\/wp\/v2\/posts\/7601\/revisions\/7606"}],"wp:attachment":[{"href":"https:\/\/www.pzwnarew.pl\/index.php?rest_route=%2Fwp%2Fv2%2Fmedia&parent=7601"}],"wp:term":[{"taxonomy":"category","embeddable":true,"href":"https:\/\/www.pzwnarew.pl\/index.php?rest_route=%2Fwp%2Fv2%2Fcategories&post=7601"},{"taxonomy":"post_tag","embeddable":true,"href":"https:\/\/www.pzwnarew.pl\/index.php?rest_route=%2Fwp%2Fv2%2Ftags&post=7601"}],"curies":[{"name":"wp","href":"https:\/\/api.w.org\/{rel}","templated":true}]}}