{"id":7582,"date":"2017-09-23T22:40:28","date_gmt":"2017-09-23T20:40:28","guid":{"rendered":"http:\/\/www.pzwnarew.pl\/?p=7582"},"modified":"2017-09-23T22:40:28","modified_gmt":"2017-09-23T20:40:28","slug":"patrol-ssr-narew-kontroluje-jezioro-brajnickie","status":"publish","type":"post","link":"https:\/\/www.pzwnarew.pl\/?p=7582","title":{"rendered":"Patrol  SSR Narew kontroluje jezioro Brajnickie"},"content":{"rendered":"<p>W dniach 23-24 wrze\u015bnia stra\u017cnicy z naszego ko\u0142a SSR Narew prowadz\u0105 dzia\u0142ania kontrolne oraz anty k\u0142usownicze na jeziorze <a href=\"http:\/\/www.pzwnarew.pl\/wp-content\/uploads\/2017\/09\/21951432_606323976424140_2008556591_o.jpg\"><img loading=\"lazy\" decoding=\"async\" class=\"alignright size-thumbnail wp-image-7583\" src=\"http:\/\/www.pzwnarew.pl\/wp-content\/uploads\/2017\/09\/21951432_606323976424140_2008556591_o-150x150.jpg\" alt=\"21951432_606323976424140_2008556591_o\" width=\"150\" height=\"150\" \/><\/a>Brajnickim. O zadanie kontroli poprosi\u0142 nas Okr\u0119g Mazowiecki PZW z Warszawy. Wsp\u00f3lnie ze stra\u017cnikami ze Szczytna prowadz\u0105 dwu dniowe dzia\u0142ania dzienne i nocne. Do jeziora trafi\u0142o ponad 0,5 tony karpia kt\u00f3rego teraz trzeba pilnowa\u0107 przed w\u0119dkarzami mi\u0119siarzami oraz k\u0142usownikami. Na jeziorze wprowadzona ca\u0142owity zakaz zabierania karpia z \u0142owiska.<\/p>\n<p><!--more--><\/p>\n<p>&nbsp;<\/p>\n<p>&nbsp;<\/p>\n<p><a href=\"http:\/\/www.pzwnarew.pl\/wp-content\/uploads\/2017\/09\/22016835_606323989757472_565814305_o.jpg\"><img loading=\"lazy\" decoding=\"async\" class=\"alignleft size-medium wp-image-7585\" src=\"http:\/\/www.pzwnarew.pl\/wp-content\/uploads\/2017\/09\/22016835_606323989757472_565814305_o-300x169.jpg\" alt=\"22016835_606323989757472_565814305_o\" width=\"300\" height=\"169\" srcset=\"https:\/\/www.pzwnarew.pl\/wp-content\/uploads\/2017\/09\/22016835_606323989757472_565814305_o-300x169.jpg 300w, https:\/\/www.pzwnarew.pl\/wp-content\/uploads\/2017\/09\/22016835_606323989757472_565814305_o-1024x576.jpg 1024w, https:\/\/www.pzwnarew.pl\/wp-content\/uploads\/2017\/09\/22016835_606323989757472_565814305_o.jpg 1920w\" sizes=\"auto, (max-width: 300px) 100vw, 300px\" \/><\/a><\/p>\n<p>&nbsp;<\/p>\n<p>&nbsp;<\/p>\n<p>&nbsp;<\/p>\n<p>&nbsp;<\/p>\n<p><a href=\"http:\/\/www.pzwnarew.pl\/wp-content\/uploads\/2017\/09\/21952351_606323893090815_731803847_o.jpg\"><img loading=\"lazy\" decoding=\"async\" class=\"alignleft size-medium wp-image-7586\" src=\"http:\/\/www.pzwnarew.pl\/wp-content\/uploads\/2017\/09\/21952351_606323893090815_731803847_o-300x169.jpg\" alt=\"21952351_606323893090815_731803847_o\" width=\"300\" height=\"169\" srcset=\"https:\/\/www.pzwnarew.pl\/wp-content\/uploads\/2017\/09\/21952351_606323893090815_731803847_o-300x169.jpg 300w, https:\/\/www.pzwnarew.pl\/wp-content\/uploads\/2017\/09\/21952351_606323893090815_731803847_o-1024x576.jpg 1024w, https:\/\/www.pzwnarew.pl\/wp-content\/uploads\/2017\/09\/21952351_606323893090815_731803847_o.jpg 1920w\" sizes=\"auto, (max-width: 300px) 100vw, 300px\" \/><\/a><\/p>\n<p>&nbsp;<\/p>\n<p>&nbsp;<\/p>\n<p>&nbsp;<\/p>\n<p>&nbsp;<\/p>\n<p><a href=\"http:\/\/www.pzwnarew.pl\/wp-content\/uploads\/2017\/09\/21985657_606370166419521_844426137_o.jpg\"><img loading=\"lazy\" decoding=\"async\" class=\"alignleft size-medium wp-image-7584\" src=\"http:\/\/www.pzwnarew.pl\/wp-content\/uploads\/2017\/09\/21985657_606370166419521_844426137_o-300x169.jpg\" alt=\"21985657_606370166419521_844426137_o\" width=\"300\" height=\"169\" srcset=\"https:\/\/www.pzwnarew.pl\/wp-content\/uploads\/2017\/09\/21985657_606370166419521_844426137_o-300x169.jpg 300w, https:\/\/www.pzwnarew.pl\/wp-content\/uploads\/2017\/09\/21985657_606370166419521_844426137_o-1024x576.jpg 1024w, https:\/\/www.pzwnarew.pl\/wp-content\/uploads\/2017\/09\/21985657_606370166419521_844426137_o.jpg 1920w\" sizes=\"auto, (max-width: 300px) 100vw, 300px\" \/><\/a><\/p>\n<p>&nbsp;<\/p>\n","protected":false},"excerpt":{"rendered":"<p>W dniach 23-24 wrze\u015bnia stra\u017cnicy z naszego ko\u0142a SSR Narew prowadz\u0105 dzia\u0142ania kontrolne oraz anty k\u0142usownicze na jeziorze Brajnickim. O zadanie kontroli poprosi\u0142 nas Okr\u0119g Mazowiecki PZW z Warszawy. Wsp\u00f3lnie ze stra\u017cnikami ze Szczytna prowadz\u0105 dwu dniowe dzia\u0142ania dzienne i nocne. Do jeziora trafi\u0142o ponad 0,5 tony karpia kt\u00f3rego teraz trzeba pilnowa\u0107 przed w\u0119dkarzami mi\u0119siarzami oraz k\u0142usownikami. Na jeziorze wprowadzona ca\u0142owity zakaz zabierania karpia z \u0142owiska.<\/p>\n","protected":false},"author":2,"featured_media":0,"comment_status":"open","ping_status":"closed","sticky":false,"template":"","format":"standard","meta":{"footnotes":""},"categories":[20,24],"tags":[],"class_list":["post-7582","post","type-post","status-publish","format-standard","hentry","category-newsy","category-ochrona-wod"],"_links":{"self":[{"href":"https:\/\/www.pzwnarew.pl\/index.php?rest_route=\/wp\/v2\/posts\/7582","targetHints":{"allow":["GET"]}}],"collection":[{"href":"https:\/\/www.pzwnarew.pl\/index.php?rest_route=\/wp\/v2\/posts"}],"about":[{"href":"https:\/\/www.pzwnarew.pl\/index.php?rest_route=\/wp\/v2\/types\/post"}],"author":[{"embeddable":true,"href":"https:\/\/www.pzwnarew.pl\/index.php?rest_route=\/wp\/v2\/users\/2"}],"replies":[{"embeddable":true,"href":"https:\/\/www.pzwnarew.pl\/index.php?rest_route=%2Fwp%2Fv2%2Fcomments&post=7582"}],"version-history":[{"count":1,"href":"https:\/\/www.pzwnarew.pl\/index.php?rest_route=\/wp\/v2\/posts\/7582\/revisions"}],"predecessor-version":[{"id":7587,"href":"https:\/\/www.pzwnarew.pl\/index.php?rest_route=\/wp\/v2\/posts\/7582\/revisions\/7587"}],"wp:attachment":[{"href":"https:\/\/www.pzwnarew.pl\/index.php?rest_route=%2Fwp%2Fv2%2Fmedia&parent=7582"}],"wp:term":[{"taxonomy":"category","embeddable":true,"href":"https:\/\/www.pzwnarew.pl\/index.php?rest_route=%2Fwp%2Fv2%2Fcategories&post=7582"},{"taxonomy":"post_tag","embeddable":true,"href":"https:\/\/www.pzwnarew.pl\/index.php?rest_route=%2Fwp%2Fv2%2Ftags&post=7582"}],"curies":[{"name":"wp","href":"https:\/\/api.w.org\/{rel}","templated":true}]}}